{"id":24301,"date":"2010-04-29T16:52:17","date_gmt":"2010-04-29T16:52:17","guid":{"rendered":"https:\/\/obscom.intervozes.org.br\/wordpress\/?p=24301"},"modified":"2010-04-29T16:52:17","modified_gmt":"2010-04-29T16:52:17","slug":"informacoes-sobre-telebras-no-pnbl-sempre-foram-publicas-diz-santanna","status":"publish","type":"post","link":"https:\/\/obscom.intervozes.org.br\/?p=24301","title":{"rendered":"Informa\u00e7\u00f5es sobre Telebr\u00e1s no PNBL sempre foram p\u00fablicas, diz Santanna"},"content":{"rendered":"<p>   \t \t \t \t \t<!-- \t\t@page { margin: 2cm } \t\tP { margin-bottom: 0.21cm } \t--> \t   <\/p>\n<p style=\"margin-bottom: 0cm\" class=\"padrao\">As oscila&ccedil;&otilde;es nas a&ccedil;&otilde;es das Telebr&aacute;s continuam gerando pol&ecirc;mica e foram assunto de debate nesta quarta-feira, 28, na Comiss&atilde;o de Defesa do Consumidor (CDC) da C&acirc;mara dos Deputados. Mas, apesar de as movimenta&ccedil;&otilde;es nos pap&eacute;is preocuparem os deputados por conta da suspeita de vazamento de informa&ccedil;&otilde;es privilegiadas que beneficiariam os acionistas, o governo est&aacute; tranquilo de que as especula&ccedil;&otilde;es com as a&ccedil;&otilde;es da Telebr&aacute;s s&atilde;o um movimento natural de mercado. <\/p>\n<p>O secret&aacute;rio de Log&iacute;stica e Tecnologia da Informa&ccedil;&atilde;o do Minist&eacute;rio do Planejamento, Rog&eacute;rio Santanna, assegurou que as informa&ccedil;&otilde;es sobre a possibilidade de uso da estatal no Plano Nacional de Banda Larga (PNBL) &#8211; principal &aacute;libi para a valoriza&ccedil;&atilde;o dos pap&eacute;is da empresa &#8211; foram apresentadas oficialmente ao p&uacute;blico e, portanto, n&atilde;o h&aacute; que se falar em inside information. Para comprovar suas declara&ccedil;&otilde;es, Santanna leu dois fatos relevantes encaminhados &agrave; Comiss&atilde;o de Valores Mobili&aacute;rios (CVM) em dezembro de 2007 e dezembro de 2008. Nesses dois documentos, a dire&ccedil;&atilde;o da Telebr&aacute;s informa claramente a possibilidade de a empresa integrar o PNBL. <\/p>\n<p>&quot;Diante desses fatos relevantes, &eacute; p&uacute;blico e not&oacute;rio que havia o interesse do governo de usar a empresa no PNBL&quot;, afirmou o secret&aacute;rio. &quot;A partir da&iacute;, acho que n&atilde;o houve nenhuma sonega&ccedil;&atilde;o de dados a interessados. As informa&ccedil;&otilde;es foram dadas e investiu quem quis&quot;, complementou Santanna, um dos grandes defensores de que a Telebr&aacute;s seja usada como gestora da rede p&uacute;blica de fibras &oacute;pticas no PNBL. <\/p>\n<p>O secret&aacute;rio de Telecomunica&ccedil;&otilde;es do Minist&eacute;rio das Comunica&ccedil;&otilde;es, Roberto Pinto Martins, tamb&eacute;m mostrou-se seguro de que n&atilde;o houve nenhuma a&ccedil;&atilde;o question&aacute;vel por parte do governo que justificasse as altas nas a&ccedil;&otilde;es da Telebr&aacute;s. &quot;Essa especula&ccedil;&atilde;o se vincula muito &agrave; expectativa de que a Telebr&aacute;s seja a gestora desses recursos (redes p&uacute;blicas) que est&atilde;o sendo mal utilizados hoje e precisam ser explorados&quot;, avaliou o representante do Minicom. <\/p>\n<p>A proposta original da audi&ecirc;ncia p&uacute;blica previa a presen&ccedil;a da ministra-chefe da Casa Civil, Erenice Guerra; e da presidente da CVM, Maria Helena Santanna, mas ambas n&atilde;o compareceram ao debate. Erenice justificou a aus&ecirc;ncia argumentando que os representantes dos minist&eacute;rios do Planejamento e das Comunica&ccedil;&otilde;es tinham informa&ccedil;&otilde;es suficientes para esclarecer as d&uacute;vidas dos parlamentares. J&aacute; Maria Helena informou &agrave; comiss&atilde;o de que a CVM est&aacute; investigando as oscila&ccedil;&otilde;es nas a&ccedil;&otilde;es da Telebr&aacute;s e, portanto, ela estaria impedida de comentar o assunto at&eacute; que a an&aacute;lise seja conclu&iacute;da. <\/p>\n<p>O autor do requerimento para a audi&ecirc;ncia p&uacute;blica, deputado &Iacute;ndio da Costa (DEM\/RJ) acabou n&atilde;o fazendo perguntas aos convidados. Costa disse que ainda existem &quot;quest&otilde;es pol&iacute;ticas&quot; em torno da revitaliza&ccedil;&atilde;o da Telebr&aacute;s e a especula&ccedil;&atilde;o com as a&ccedil;&otilde;es que precisam ser esclarecidas, mas que isso n&atilde;o seria poss&iacute;vel no momento, sugerindo que a aus&ecirc;ncia dos demais convidados inviabilizou o debate no vi&eacute;s esperado pelo parlamentar.&nbsp;&nbsp;<\/p>\n","protected":false},"excerpt":{"rendered":"<p>As oscila&ccedil;&otilde;es nas a&ccedil;&otilde;es das Telebr&aacute;s continuam gerando pol&ecirc;mica e foram assunto de debate nesta quarta-feira, 28, na Comiss&atilde;o de Defesa do Consumidor (CDC) da C&acirc;mara dos Deputados. Mas, apesar de as movimenta&ccedil;&otilde;es nos pap&eacute;is preocuparem os deputados por conta da suspeita de vazamento de informa&ccedil;&otilde;es privilegiadas que beneficiariam os acionistas, o governo est&aacute; tranquilo &hellip; <a href=\"https:\/\/obscom.intervozes.org.br\/?p=24301\" class=\"more-link\">Continue lendo <span class=\"screen-reader-text\">Informa\u00e7\u00f5es sobre Telebr\u00e1s no PNBL sempre foram p\u00fablicas, diz Santanna<\/span> <span class=\"meta-nav\">&rarr;<\/span><\/a><\/p>\n","protected":false},"author":1,"featured_media":0,"comment_status":"open","ping_status":"open","sticky":false,"template":"","format":"standard","meta":{"footnotes":""},"categories":[40],"tags":[1123],"_links":{"self":[{"href":"https:\/\/obscom.intervozes.org.br\/index.php?rest_route=\/wp\/v2\/posts\/24301"}],"collection":[{"href":"https:\/\/obscom.intervozes.org.br\/index.php?rest_route=\/wp\/v2\/posts"}],"about":[{"href":"https:\/\/obscom.intervozes.org.br\/index.php?rest_route=\/wp\/v2\/types\/post"}],"author":[{"embeddable":true,"href":"https:\/\/obscom.intervozes.org.br\/index.php?rest_route=\/wp\/v2\/users\/1"}],"replies":[{"embeddable":true,"href":"https:\/\/obscom.intervozes.org.br\/index.php?rest_route=%2Fwp%2Fv2%2Fcomments&post=24301"}],"version-history":[{"count":0,"href":"https:\/\/obscom.intervozes.org.br\/index.php?rest_route=\/wp\/v2\/posts\/24301\/revisions"}],"wp:attachment":[{"href":"https:\/\/obscom.intervozes.org.br\/index.php?rest_route=%2Fwp%2Fv2%2Fmedia&parent=24301"}],"wp:term":[{"taxonomy":"category","embeddable":true,"href":"https:\/\/obscom.intervozes.org.br\/index.php?rest_route=%2Fwp%2Fv2%2Fcategories&post=24301"},{"taxonomy":"post_tag","embeddable":true,"href":"https:\/\/obscom.intervozes.org.br\/index.php?rest_route=%2Fwp%2Fv2%2Ftags&post=24301"}],"curies":[{"name":"wp","href":"https:\/\/api.w.org\/{rel}","templated":true}]}}