{"id":24288,"date":"2010-04-27T15:32:04","date_gmt":"2010-04-27T15:32:04","guid":{"rendered":"https:\/\/obscom.intervozes.org.br\/wordpress\/?p=24288"},"modified":"2010-04-27T15:32:04","modified_gmt":"2010-04-27T15:32:04","slug":"camara-realizara-amanha-28-audiencia-publica-sobre-a-telebras","status":"publish","type":"post","link":"https:\/\/obscom.intervozes.org.br\/?p=24288","title":{"rendered":"C\u00e2mara realizar\u00e1 amanh\u00e3 (28) audi\u00eancia p\u00fablica sobre a Telebras"},"content":{"rendered":"<p> \t<!-- \t\t@page { margin: 2cm } \t\tP { margin-bottom: 0.21cm } \t--> \t <\/p>\n<p style=\"margin-bottom: 0cm\" class=\"padrao\"><strong>Reproduzido do TeleTime News <\/strong><\/p>\n<p style=\"margin-bottom: 0cm\" class=\"padrao\">&nbsp;<\/p>\n<p style=\"margin-bottom: 0cm\" class=\"padrao\">A Comiss&atilde;o de Defesa do Consumidor realiza audi&ecirc;ncia p&uacute;blica nesta quarta-feira, 28, para debater o vazamento, na imprensa, de informa&ccedil;&otilde;es sobre a poss&iacute;vel reativa&ccedil;&atilde;o da Telebras. <\/p>\n<p>O autor do requerimento, deputado Indio da Costa(DEM-RJ), argumentou que a veicula&ccedil;&atilde;o de informa&ccedil;&otilde;es n&atilde;o oficiais pode ter provocado a valoriza&ccedil;&atilde;o de 35.000% nas a&ccedil;&otilde;es da estatal. Ele destacou ainda que essa situa&ccedil;&atilde;o pode causar s&eacute;rias implica&ccedil;&otilde;es nos direitos de milhares de brasileiros, sejam usu&aacute;rios dos servi&ccedil;os ou acionistas da estatal. <\/p>\n<p>&quot;O governo federal vem reiteradamente confirmando o interesse em recuperar a Telebras para levar a presta&ccedil;&atilde;o de servi&ccedil;os de internet em banda larga. No entanto, as not&iacute;cias sobre a reativa&ccedil;&atilde;o da empresa n&atilde;o s&atilde;o oficiais&quot;, afirmou. <\/p>\n<p>Foram convidados para o debate a ministra-chefe da Casa Civil, Erenice Alves Guerra; o ministro das Comunica&ccedil;&otilde;es, Jos&eacute; Artur Filardi Leite; o presidente da Telebr&aacute;s, Jorge da Motta e Silva; o secret&aacute;rio de Log&iacute;stica e Tecnologia da Informa&ccedil;&atilde;o do Minist&eacute;rio do Planejamento, Rog&eacute;rio Santanna dos Santos; e a presidente da Comiss&atilde;o de Valores Mobili&aacute;rios (CVM), Maria Helena dos Santos Fernandes de Santana. As informa&ccedil;&otilde;es s&atilde;o da Ag&ecirc;ncia C&acirc;mara.  <\/p>\n","protected":false},"excerpt":{"rendered":"<p>Reproduzido do TeleTime News &nbsp; A Comiss&atilde;o de Defesa do Consumidor realiza audi&ecirc;ncia p&uacute;blica nesta quarta-feira, 28, para debater o vazamento, na imprensa, de informa&ccedil;&otilde;es sobre a poss&iacute;vel reativa&ccedil;&atilde;o da Telebras. O autor do requerimento, deputado Indio da Costa(DEM-RJ), argumentou que a veicula&ccedil;&atilde;o de informa&ccedil;&otilde;es n&atilde;o oficiais pode ter provocado a valoriza&ccedil;&atilde;o de 35.000% nas &hellip; <a href=\"https:\/\/obscom.intervozes.org.br\/?p=24288\" class=\"more-link\">Continue lendo <span class=\"screen-reader-text\">C\u00e2mara realizar\u00e1 amanh\u00e3 (28) audi\u00eancia p\u00fablica sobre a Telebras<\/span> <span class=\"meta-nav\">&rarr;<\/span><\/a><\/p>\n","protected":false},"author":1,"featured_media":0,"comment_status":"open","ping_status":"open","sticky":false,"template":"","format":"standard","meta":{"footnotes":""},"categories":[39],"tags":[],"_links":{"self":[{"href":"https:\/\/obscom.intervozes.org.br\/index.php?rest_route=\/wp\/v2\/posts\/24288"}],"collection":[{"href":"https:\/\/obscom.intervozes.org.br\/index.php?rest_route=\/wp\/v2\/posts"}],"about":[{"href":"https:\/\/obscom.intervozes.org.br\/index.php?rest_route=\/wp\/v2\/types\/post"}],"author":[{"embeddable":true,"href":"https:\/\/obscom.intervozes.org.br\/index.php?rest_route=\/wp\/v2\/users\/1"}],"replies":[{"embeddable":true,"href":"https:\/\/obscom.intervozes.org.br\/index.php?rest_route=%2Fwp%2Fv2%2Fcomments&post=24288"}],"version-history":[{"count":0,"href":"https:\/\/obscom.intervozes.org.br\/index.php?rest_route=\/wp\/v2\/posts\/24288\/revisions"}],"wp:attachment":[{"href":"https:\/\/obscom.intervozes.org.br\/index.php?rest_route=%2Fwp%2Fv2%2Fmedia&parent=24288"}],"wp:term":[{"taxonomy":"category","embeddable":true,"href":"https:\/\/obscom.intervozes.org.br\/index.php?rest_route=%2Fwp%2Fv2%2Fcategories&post=24288"},{"taxonomy":"post_tag","embeddable":true,"href":"https:\/\/obscom.intervozes.org.br\/index.php?rest_route=%2Fwp%2Fv2%2Ftags&post=24288"}],"curies":[{"name":"wp","href":"https:\/\/api.w.org\/{rel}","templated":true}]}}