{"id":24281,"date":"2010-04-23T16:40:21","date_gmt":"2010-04-23T16:40:21","guid":{"rendered":"https:\/\/obscom.intervozes.org.br\/wordpress\/?p=24281"},"modified":"2014-09-07T02:59:54","modified_gmt":"2014-09-07T02:59:54","slug":"vereadores-adiam-votacao-de-veto-de-kassab-a-projeto-sobre-horario-do-futebol","status":"publish","type":"post","link":"https:\/\/obscom.intervozes.org.br\/?p=24281","title":{"rendered":"Vereadores adiam vota\u00e7\u00e3o de veto de Kassab a projeto sobre hor\u00e1rio do futebol"},"content":{"rendered":"<p>   \t \t \t \t \t<!-- \t\t@page { margin: 2cm } \t\tP { margin-bottom: 0.21cm } \t--><span class=\"padrao\">Manobra articulada pela lideran&ccedil;a do governo na C&acirc;mara Municipal de S&atilde;o Paulo protelou a vota&ccedil;&atilde;o em plen&aacute;rio que poderia derrubar o veto do prefeito Gilberto Kassab (DEM) ao projeto de lei que limita o hor&aacute;rio de realiza&ccedil;&atilde;o de jogos de futebol na capital paulista. A aprecia&ccedil;&atilde;o do veto do prefeito ao Projeto de Lei 564\/06 estava planejado para acontecer na quinta-feira (22), a partir de relat&oacute;rio de duas comiss&otilde;es que se reuniram no mesmo dia. <br \/><\/span><\/p>\n<p style=\"margin-bottom: 0cm\" class=\"padrao\">Nas comiss&otilde;es, os relat&oacute;rios n&atilde;o foram aprovados, por falta de qu&oacute;rum, gra&ccedil;as ao esvaziamento proposital das duas sess&otilde;es. Ainda, o l&iacute;der do governo na C&acirc;mara, Jos&eacute; Police Neto, prop&ocirc;s o adiamento da vota&ccedil;&atilde;o em plen&aacute;rio na Comiss&atilde;o de Constitui&ccedil;&atilde;o e Justi&ccedil;a. Com o apoio de vereadores do governo e da oposi&ccedil;&atilde;o, o adiamento foi aprovado.<\/p>\n<p>Apesar da omiss&atilde;o dos vereadores que impede a exist&ecirc;ncia dos relat&oacute;rios, o veto pode ir a vota&ccedil;&atilde;o. Em princ&iacute;pio, o tema estar&aacute; na pauta da sess&atilde;o da pr&oacute;xima ter&ccedil;a-feira, 27. Para ser derrubado, precisa de maioria simples &#8211; 28 votos.<\/p>\n<p>O PL, de autoria dos vereadores Agnaldo Tim&oacute;teo (PR) e Antonio Goulart (PMDB), prev&ecirc; que as partidas de futebol terminem no m&aacute;ximo &agrave;s 23h15. Hoje, por conta da transmiss&atilde;o para a TV, este hor&aacute;rio, durante a semana, fica por volta da meia-noite. (<a href=\"http:\/\/localhost\/intervozes_direitoacomunicacao\/wordpress\/?p=24253\">Saiba mais<\/a>)<\/p>\n<p>Apesar da maioria ter apoiado a procrastina&ccedil;&atilde;o, as comiss&otilde;es se mostraram favor&aacute;veis ao adiamento do t&eacute;rmino dos jogos. O vereador Agnaldo Tim&oacute;teo afirmou que seus colegas e o prefeito &ldquo;pipocaram&rdquo;, com medo da Rede Globo, e alertou sobre a impopularidade da decis&atilde;o perante a popula&ccedil;&atilde;o. Al&eacute;m disso, fez apelos &agrave; Rede Globo, para que esta adeque sua grade de programa&ccedil;&atilde;o de modo a respeitar os espectadores. <em>(Lia Segre)<\/em> <\/p>\n","protected":false},"excerpt":{"rendered":"<p>Manobra articulada pela lideran&ccedil;a do governo na C&acirc;mara Municipal de S&atilde;o Paulo protelou a vota&ccedil;&atilde;o em plen&aacute;rio que poderia derrubar o veto do prefeito Gilberto Kassab (DEM) ao projeto de lei que limita o hor&aacute;rio de realiza&ccedil;&atilde;o de jogos de futebol na capital paulista. A aprecia&ccedil;&atilde;o do veto do prefeito ao Projeto de Lei 564\/06 &hellip; <a href=\"https:\/\/obscom.intervozes.org.br\/?p=24281\" class=\"more-link\">Continue lendo <span class=\"screen-reader-text\">Vereadores adiam vota\u00e7\u00e3o de veto de Kassab a projeto sobre hor\u00e1rio do futebol<\/span> <span class=\"meta-nav\">&rarr;<\/span><\/a><\/p>\n","protected":false},"author":1,"featured_media":0,"comment_status":"open","ping_status":"open","sticky":false,"template":"","format":"standard","meta":{"footnotes":""},"categories":[39],"tags":[],"_links":{"self":[{"href":"https:\/\/obscom.intervozes.org.br\/index.php?rest_route=\/wp\/v2\/posts\/24281"}],"collection":[{"href":"https:\/\/obscom.intervozes.org.br\/index.php?rest_route=\/wp\/v2\/posts"}],"about":[{"href":"https:\/\/obscom.intervozes.org.br\/index.php?rest_route=\/wp\/v2\/types\/post"}],"author":[{"embeddable":true,"href":"https:\/\/obscom.intervozes.org.br\/index.php?rest_route=\/wp\/v2\/users\/1"}],"replies":[{"embeddable":true,"href":"https:\/\/obscom.intervozes.org.br\/index.php?rest_route=%2Fwp%2Fv2%2Fcomments&post=24281"}],"version-history":[{"count":1,"href":"https:\/\/obscom.intervozes.org.br\/index.php?rest_route=\/wp\/v2\/posts\/24281\/revisions"}],"predecessor-version":[{"id":28112,"href":"https:\/\/obscom.intervozes.org.br\/index.php?rest_route=\/wp\/v2\/posts\/24281\/revisions\/28112"}],"wp:attachment":[{"href":"https:\/\/obscom.intervozes.org.br\/index.php?rest_route=%2Fwp%2Fv2%2Fmedia&parent=24281"}],"wp:term":[{"taxonomy":"category","embeddable":true,"href":"https:\/\/obscom.intervozes.org.br\/index.php?rest_route=%2Fwp%2Fv2%2Fcategories&post=24281"},{"taxonomy":"post_tag","embeddable":true,"href":"https:\/\/obscom.intervozes.org.br\/index.php?rest_route=%2Fwp%2Fv2%2Ftags&post=24281"}],"curies":[{"name":"wp","href":"https:\/\/api.w.org\/{rel}","templated":true}]}}