{"id":24279,"date":"2010-04-23T10:56:17","date_gmt":"2010-04-23T10:56:17","guid":{"rendered":"https:\/\/obscom.intervozes.org.br\/wordpress\/?p=24279"},"modified":"2010-04-23T10:56:17","modified_gmt":"2010-04-23T10:56:17","slug":"jornalistas-elegerao-em-julho-nova-direcao-da-fenaj-e-comissao-nacional-de-etica","status":"publish","type":"post","link":"https:\/\/obscom.intervozes.org.br\/?p=24279","title":{"rendered":"Jornalistas eleger\u00e3o em julho nova dire\u00e7\u00e3o da FENAJ e Comiss\u00e3o Nacional de \u00c9tica"},"content":{"rendered":"<p> \t<!-- \t\t@page { margin: 2cm } \t\tP { margin-bottom: 0.21cm } \t--> \t <\/p>\n<p style=\"margin-bottom: 0cm\" class=\"western\"><strong><span class=\"padrao\">Reproduzido do site da Fenaj <\/span><\/strong><\/p>\n<p style=\"margin-bottom: 0cm\" class=\"western\">&nbsp;<\/p>\n<p style=\"margin-bottom: 0cm\" class=\"western\"><span class=\"padrao\">Pioneira no Brasil na realiza&ccedil;&atilde;o de elei&ccedil;&atilde;o direta para sua dire&ccedil;&atilde;o, a Federa&ccedil;&atilde;o Nacional dos Jornalistas (FENAJ) ter&aacute;, de 27 a 29 de julho novo processo eleitoral. O prazo para inscri&ccedil;&atilde;o de chapas encerra-se dia 30 de abril. Publicado no dia 16 de abril, o edital de convoca&ccedil;&atilde;o da elei&ccedil;&atilde;o est&aacute; &agrave; disposi&ccedil;&atilde;o dos interessados nas sedes da Federa&ccedil;&atilde;o e dos 31 Sindicatos de Jornalistas do pa&iacute;s. Al&eacute;m da Diretoria e Conselho Fiscal, com mandato de tr&ecirc;s anos, ser&aacute; eleita, tamb&eacute;m, a nova Comiss&atilde;o Nacional de &Eacute;tica dos Jornalistas.<\/p>\n<p><\/span> <\/p>\n<p style=\"margin-bottom: 0cm\" class=\"western\"><span class=\"padrao\">O processo ser&aacute; coordenado pela Comiss&atilde;o Eleitoral Nacional definida pelo Conselho de Representantes da Federa&ccedil;&atilde;o. Cl&aacute;udio Curado (Goi&aacute;s), Jorge Freitas (munic&iacute;pio do Rio de Janeiro), Amadeu M&ecirc;mulo (S&atilde;o Paulo), Carla Lisboa e G&eacute;sio Passos (DF) s&atilde;o os membros titulares, da Comiss&atilde;o, que tem como suplentes Iran Alfaia e Beth Rita, ambos do DF. A Comiss&atilde;o Eleitoral Nacional dever&aacute; se reunir nos pr&oacute;ximos dias para iniciar os encaminhamentos do processo.<\/p>\n<p><\/span> <\/p>\n<p style=\"margin-bottom: 0cm\" class=\"western\"><span class=\"padrao\">A vota&ccedil;&atilde;o se dar&aacute; nas sedes e nas delegacias dos Sindicatos dos Jornalistas Profissionais e em locais de trabalho previamente definidos por Comiss&otilde;es Eleitorais Locais. A elei&ccedil;&atilde;o poder&aacute; ser realizada em 1, 2 ou 3 dias, sendo nos dias 28 e 29, em caso de op&ccedil;&atilde;o por dois dias, e no dia 29 de julho, em caso de a op&ccedil;&atilde;o ser por um dia.<\/p>\n<p><\/span> <\/p>\n<p style=\"margin-bottom: 0cm\" class=\"padrao\">Encerrado o prazo de inscri&ccedil;&atilde;o de chapas, ser&aacute; aberto um prazo de 3 dias para eventuais impugna&ccedil;&otilde;es, cujos pedidos ser&atilde;o apreciados pela Comiss&atilde;o Eleitoral Nacional. At&eacute; o dia 16 de julho os Sindicatos dever&atilde;o remeter &agrave; Comiss&atilde;o Eleitoral Nacional, na sede da FENAJ, a listagem dos jornalistas a eles sindicalizados, com a respectiva data de filia&ccedil;&atilde;o e com a indica&ccedil;&atilde;o de quem est&aacute; apto a votar.  <\/p>\n<p style=\"margin-bottom: 0cm\" class=\"western\"> <\/p>\n","protected":false},"excerpt":{"rendered":"<p>Reproduzido do site da Fenaj &nbsp; Pioneira no Brasil na realiza&ccedil;&atilde;o de elei&ccedil;&atilde;o direta para sua dire&ccedil;&atilde;o, a Federa&ccedil;&atilde;o Nacional dos Jornalistas (FENAJ) ter&aacute;, de 27 a 29 de julho novo processo eleitoral. O prazo para inscri&ccedil;&atilde;o de chapas encerra-se dia 30 de abril. Publicado no dia 16 de abril, o edital de convoca&ccedil;&atilde;o da &hellip; <a href=\"https:\/\/obscom.intervozes.org.br\/?p=24279\" class=\"more-link\">Continue lendo <span class=\"screen-reader-text\">Jornalistas eleger\u00e3o em julho nova dire\u00e7\u00e3o da FENAJ e Comiss\u00e3o Nacional de \u00c9tica<\/span> <span class=\"meta-nav\">&rarr;<\/span><\/a><\/p>\n","protected":false},"author":1,"featured_media":0,"comment_status":"open","ping_status":"open","sticky":false,"template":"","format":"standard","meta":{"footnotes":""},"categories":[39],"tags":[],"_links":{"self":[{"href":"https:\/\/obscom.intervozes.org.br\/index.php?rest_route=\/wp\/v2\/posts\/24279"}],"collection":[{"href":"https:\/\/obscom.intervozes.org.br\/index.php?rest_route=\/wp\/v2\/posts"}],"about":[{"href":"https:\/\/obscom.intervozes.org.br\/index.php?rest_route=\/wp\/v2\/types\/post"}],"author":[{"embeddable":true,"href":"https:\/\/obscom.intervozes.org.br\/index.php?rest_route=\/wp\/v2\/users\/1"}],"replies":[{"embeddable":true,"href":"https:\/\/obscom.intervozes.org.br\/index.php?rest_route=%2Fwp%2Fv2%2Fcomments&post=24279"}],"version-history":[{"count":0,"href":"https:\/\/obscom.intervozes.org.br\/index.php?rest_route=\/wp\/v2\/posts\/24279\/revisions"}],"wp:attachment":[{"href":"https:\/\/obscom.intervozes.org.br\/index.php?rest_route=%2Fwp%2Fv2%2Fmedia&parent=24279"}],"wp:term":[{"taxonomy":"category","embeddable":true,"href":"https:\/\/obscom.intervozes.org.br\/index.php?rest_route=%2Fwp%2Fv2%2Fcategories&post=24279"},{"taxonomy":"post_tag","embeddable":true,"href":"https:\/\/obscom.intervozes.org.br\/index.php?rest_route=%2Fwp%2Fv2%2Ftags&post=24279"}],"curies":[{"name":"wp","href":"https:\/\/api.w.org\/{rel}","templated":true}]}}