{"id":24277,"date":"2010-04-23T10:44:21","date_gmt":"2010-04-23T10:44:21","guid":{"rendered":"https:\/\/obscom.intervozes.org.br\/wordpress\/?p=24277"},"modified":"2010-04-23T10:44:21","modified_gmt":"2010-04-23T10:44:21","slug":"cresce-numero-de-queixas-contra-servicos-de-telecom-em-marco","status":"publish","type":"post","link":"https:\/\/obscom.intervozes.org.br\/?p=24277","title":{"rendered":"Cresce n\u00famero de queixas contra servi\u00e7os de Telecom em mar\u00e7o"},"content":{"rendered":"<p> \t<!-- \t\t@page { margin: 2cm } \t\tP { margin-bottom: 0.21cm } \t--> \t <\/p>\n<p style=\"margin-bottom: 0cm\" class=\"padrao\">O n&uacute;mero de reclama&ccedil;&otilde;es sobre os servi&ccedil;os de telecomunica&ccedil;&otilde;es na Anatel voltou a crescer em mar&ccedil;o e chegou a 145.393 ante as 110.233 queixas registradas em fevereiro. O n&uacute;mero s&oacute; &eacute; menor do que o registrado em mar&ccedil;o do ano passado, quando foram anotadas 146.150 reclama&ccedil;&otilde;es. A telefonia m&oacute;vel, que det&eacute;m a maior base de clientes (179 milh&otilde;es), motivou 66.711 queixas no m&ecirc;s passado, enquanto a telefonia fixa, com menor n&uacute;mero de usu&aacute;rios (42 milh&otilde;es), ficou com 50.827 do total de reclama&ccedil;&otilde;es registradas no m&ecirc;s de mar&ccedil;o.<\/p>\n<p>Em fevereiro, as queixas contra a telefonia m&oacute;vel chegaram a 50.876 e contra a telefonia fixa, 37.864. J&aacute; o servi&ccedil;o de acesso &agrave; internet, que em fevereiro motivou 14.609 reclama&ccedil;&otilde;es, em mar&ccedil;o gerou 19.304 queixas. O servi&ccedil;o de TV por assinatura fechou o m&ecirc;s de mar&ccedil;o com 6.651 queixas, n&uacute;mero superior ao registrado em fevereiro, de 5.378 reclama&ccedil;&otilde;es. Outros servi&ccedil;os de Telecom foram respons&aacute;veis por 1.900 queixas em mar&ccedil;o.<\/p>\n<p>Entre as celulares, a Brasil Telecom recebeu o maior n&uacute;mero de queixas, seguida da Aeiou. A Sercomtel e a Vivo foram as menos reclamadas em mar&ccedil;o. As principais causas das reclama&ccedil;&otilde;es na telefonia m&oacute;vel foram cobran&ccedil;a, atendimento, servi&ccedil;os adicionais, desbloqueio, cancelamento, reparo, promo&ccedil;&otilde;es e planos de servi&ccedil;os.<\/p>\n<p>A TIM ficou na lideran&ccedil;a das reclama&ccedil;&otilde;es registradas na Anatel no m&ecirc;s de mar&ccedil;o contra a telefonia fixa, seguida da Telef&ocirc;nica. As menos reclamadas foram as operadoras Sercomtel e Intelig. Os motivos das queixas foram reparo, cobran&ccedil;a, instala&ccedil;&atilde;o de acessos individuais, atendimento, mudan&ccedil;a de endere&ccedil;o, planos de servi&ccedil;o, bloqueio e cancelamento.<\/p>\n<p>Na TV por assinatura, os principais motivos das queixas registradas em mar&ccedil;o foram contra cobran&ccedil;a, reparo, atendimento, cancelamento, instala&ccedil;&atilde;o, programa&ccedil;&atilde;o e mudan&ccedil;a de endere&ccedil;o. Nos acessos &agrave; internet, predominaram as queixas contra reparo, instala&ccedil;&atilde;o, cobran&ccedil;a, cancelamento, atendimento e mudan&ccedil;a de endere&ccedil;o.<\/p>\n<p>Em novembro de 2009, foram registrados os menores n&uacute;meros de queixas contra os servi&ccedil;os de telecomunica&ccedil;&otilde;es na Anatel em 12 meses: 106.225.<\/p>\n","protected":false},"excerpt":{"rendered":"<p>O n&uacute;mero de reclama&ccedil;&otilde;es sobre os servi&ccedil;os de telecomunica&ccedil;&otilde;es na Anatel voltou a crescer em mar&ccedil;o e chegou a 145.393 ante as 110.233 queixas registradas em fevereiro. O n&uacute;mero s&oacute; &eacute; menor do que o registrado em mar&ccedil;o do ano passado, quando foram anotadas 146.150 reclama&ccedil;&otilde;es. A telefonia m&oacute;vel, que det&eacute;m a maior base de &hellip; <a href=\"https:\/\/obscom.intervozes.org.br\/?p=24277\" class=\"more-link\">Continue lendo <span class=\"screen-reader-text\">Cresce n\u00famero de queixas contra servi\u00e7os de Telecom em mar\u00e7o<\/span> <span class=\"meta-nav\">&rarr;<\/span><\/a><\/p>\n","protected":false},"author":1,"featured_media":0,"comment_status":"open","ping_status":"open","sticky":false,"template":"","format":"standard","meta":{"footnotes":""},"categories":[40],"tags":[1299],"_links":{"self":[{"href":"https:\/\/obscom.intervozes.org.br\/index.php?rest_route=\/wp\/v2\/posts\/24277"}],"collection":[{"href":"https:\/\/obscom.intervozes.org.br\/index.php?rest_route=\/wp\/v2\/posts"}],"about":[{"href":"https:\/\/obscom.intervozes.org.br\/index.php?rest_route=\/wp\/v2\/types\/post"}],"author":[{"embeddable":true,"href":"https:\/\/obscom.intervozes.org.br\/index.php?rest_route=\/wp\/v2\/users\/1"}],"replies":[{"embeddable":true,"href":"https:\/\/obscom.intervozes.org.br\/index.php?rest_route=%2Fwp%2Fv2%2Fcomments&post=24277"}],"version-history":[{"count":0,"href":"https:\/\/obscom.intervozes.org.br\/index.php?rest_route=\/wp\/v2\/posts\/24277\/revisions"}],"wp:attachment":[{"href":"https:\/\/obscom.intervozes.org.br\/index.php?rest_route=%2Fwp%2Fv2%2Fmedia&parent=24277"}],"wp:term":[{"taxonomy":"category","embeddable":true,"href":"https:\/\/obscom.intervozes.org.br\/index.php?rest_route=%2Fwp%2Fv2%2Fcategories&post=24277"},{"taxonomy":"post_tag","embeddable":true,"href":"https:\/\/obscom.intervozes.org.br\/index.php?rest_route=%2Fwp%2Fv2%2Ftags&post=24277"}],"curies":[{"name":"wp","href":"https:\/\/api.w.org\/{rel}","templated":true}]}}