{"id":24275,"date":"2010-04-22T18:22:49","date_gmt":"2010-04-22T18:22:49","guid":{"rendered":"https:\/\/obscom.intervozes.org.br\/wordpress\/?p=24275"},"modified":"2014-09-07T02:59:54","modified_gmt":"2014-09-07T02:59:54","slug":"experiencias-de-outras-areas-inspiram-discussao-sobre-conselhos-de-comunicacao","status":"publish","type":"post","link":"https:\/\/obscom.intervozes.org.br\/?p=24275","title":{"rendered":"Experi\u00eancias de outras \u00e1reas inspiram discuss\u00e3o sobre conselhos de comunica\u00e7\u00e3o"},"content":{"rendered":"<p><!-- \t\t@page { margin: 2cm } \t\tP { margin-bottom: 0.21cm } \t--> \t  <\/p>\n<p style=\"margin-bottom: 0cm\" class=\"padrao\">A aus&ecirc;ncia de conselhos na &aacute;rea da comunica&ccedil;&atilde;o faz com que os defensores da cria&ccedil;&atilde;o de inst&acirc;ncias participativas e outras iniciativas democratizantes recorram a modelos &ldquo;importados&rdquo; de outros setores. Algumas das estruturas institucionais envolvendo conselhos ou &oacute;rg&atilde;os gestores participativos mais lembradas est&atilde;o ligadas a toda uma l&oacute;gica de integra&ccedil;&atilde;o da gest&atilde;o e implementa&ccedil;&atilde;o de pol&iacute;ticas p&uacute;blicas, como ocorre nas &aacute;reas da sa&uacute;de ou dos direitos da inf&acirc;ncia e adolesc&ecirc;ncia. <\/p>\n<p>&Oacute;rg&atilde;os como esses existem no Brasil h&aacute; v&aacute;rias d&eacute;cadas, como o Conselho de Defesa dos Direitos da Pessoa Humana (atual Conselho Nacional de Direitos Humanos), de 1964, e o Conselho Nacional de Direitos da Mulher, criado em 1985. Mas apenas ap&oacute;s a promulga&ccedil;&atilde;o da Constitui&ccedil;&atilde;o de 1988 esse tipo de estrutura come&ccedil;ou a ganhar for&ccedil;a no pa&iacute;s, adotando naturezas e composi&ccedil;&otilde;es diferenciadas a depender da &aacute;rea tem&aacute;tica que ele atue. <\/p>\n<p>O Conselho Nacional de Sa&uacute;de (CNS) &eacute; um dos mais citados como um poss&iacute;vel modelo para a estrutura&ccedil;&atilde;o dos Conselhos de Comunica&ccedil;&atilde;o. Criado em 1937, durante o governo de Get&uacute;lio Vargas, sua atual composi&ccedil;&atilde;o foi estruturada pelo Decreto 5.839\/2006. Ele possui car&aacute;ter deliberativo &ndash; ou seja, com poder de decis&atilde;o na orienta&ccedil;&atilde;o das pol&iacute;ticas p&uacute;blicas priorit&aacute;rias para a &aacute;rea &ndash; e sua composi&ccedil;&atilde;o &eacute; composta por 50% de representantes de entidades e de movimentos sociais de usu&aacute;rios do Sistema &Uacute;nico de Sa&uacute;de (SUS) escolhidos em processo eleitoral e por 50% de representantes de entidades profissionais de sa&uacute;de e do governo. Para saber mais sobre o CNS acesse o seu site institucional aqui. <\/p>\n<p>Aos poucos foram regulamentadas estruturas semelhantes, como o Conselho Nacional dos Direitos da Crian&ccedil;a e do Adolescente (Conanda) ou Conselho Nacional de Educa&ccedil;&atilde;o.<\/p>\n<p>Confira como alguns conselhos s&atilde;o estruturados na pr&aacute;tica:<\/p>\n<p>&nbsp;<\/p>\n<table border=\"1\" class=\"padrao\" align=\"left\">\n<tbody>\n<tr class=\"padrao\" align=\"left\" valign=\"middle\">\n<td class=\"padrao\" align=\"left\" valign=\"middle\">\n<p><strong><br \/><\/strong><\/p>\n<\/td>\n<td class=\"padrao\" align=\"left\" valign=\"middle\"> \t<!-- \t\t@page { margin: 2cm } \t\tP { margin-bottom: 0.21cm } \t--> \t  <\/p>\n<p><strong>Criado em<\/strong><\/p>\n<\/td>\n<td class=\"padrao\" align=\"left\" valign=\"middle\"> \t<!-- \t\t@page { margin: 2cm } \t\tP { margin-bottom: 0.21cm } \t--> \t  <\/p>\n<p><strong>Car&aacute;ter<\/strong><\/p>\n<\/td>\n<td class=\"padrao\" align=\"left\" valign=\"middle\"> \t<!-- \t\t@page { margin: 2cm } \t\tP { margin-bottom: 0.21cm } \t--> \t  <\/p>\n<p><strong>Composi&ccedil;&atilde;o Atual<\/strong><\/p>\n<\/td>\n<td class=\"padrao\" align=\"left\" valign=\"middle\">   \t \t \t \t \t<!-- \t\t@page { margin: 2cm } \t\tP { margin-bottom: 0.21cm } \t--> \t  <\/p>\n<p><strong>Escolha dos membros<\/strong><\/p>\n<\/td>\n<td class=\"padrao\" align=\"left\" valign=\"middle\"> \t<!-- \t\t@page { margin: 2cm } \t\tP { margin-bottom: 0.21cm } \t--> \t  <\/p>\n<p><strong>Principais atribui&ccedil;&otilde;es<\/strong><\/p>\n<\/td>\n<\/tr>\n<tr class=\"padrao\" align=\"left\" valign=\"middle\">\n<td class=\"padrao\" align=\"left\" valign=\"middle\">   \t \t \t \t \t<!-- \t\t@page { margin: 2cm } \t\tP { margin-bottom: 0.21cm } \t--> \t  <\/p>\n<p style=\"margin-bottom: 0cm\" class=\"western\"><strong>Conselho Nacional de Educa&ccedil;&atilde;o<\/strong><\/p>\n<\/td>\n<td class=\"padrao\" align=\"left\" valign=\"middle\"><!-- \t\t@page { margin: 2cm } \t\tP { margin-bottom: 0.21cm } \t--> \t  <\/p>\n<p style=\"margin-bottom: 0cm\" class=\"padrao\">1911*<\/p>\n<\/td>\n<td class=\"padrao\" align=\"left\" valign=\"middle\"><!-- \t\t@page { margin: 2cm } \t\tP { margin-bottom: 0.21cm } \t--> \t  <\/p>\n<p style=\"margin-bottom: 0cm\" class=\"padrao\">Deliberativo\/ Normativo**<\/p>\n<\/td>\n<td class=\"padrao\" align=\"left\" valign=\"middle\"> <!-- \t\t@page { margin: 2cm } \t\tP { margin-bottom: 0.21cm } \t--> \t  <\/p>\n<p style=\"margin-bottom: 0cm\" class=\"padrao\">Composto por duas c&acirc;maras &ndash; uma de educa&ccedil;&atilde;o b&aacute;sica e outra de educa&ccedil;&atilde;o superior, cada uma contendo doze membros<\/p>\n<\/td>\n<td class=\"padrao\" align=\"left\" valign=\"middle\"><!-- \t\t@page { margin: 2cm } \t\tP { margin-bottom: 0.21cm } \t--> \t  <\/p>\n<p style=\"margin-bottom: 0cm\" class=\"padrao\">Escolhidos e nomeados pelo presidente da rep&uacute;blica, sendo que, pelo menos a metade, ser&atilde;o escolhidos a partir de listas elaboradas para cada C&acirc;mara. Mandatos de 2 anos.<\/p>\n<\/td>\n<td class=\"padrao\" align=\"left\" valign=\"middle\"><!-- \t\t@page { margin: 2cm } \t\tP { margin-bottom: 0.21cm } \t--> \t  <\/p>\n<p style=\"margin-bottom: 0cm\" class=\"padrao\">&quot;Formular e avaliar a pol&iacute;tica nacional de educa&ccedil;&atilde;o, zelando pelo cumprimento da legisla&ccedil;&atilde;o educacional, e, especialmente, emitindo pareceres e decidindo sobre os assuntos da &aacute;rea educacional&rdquo;<\/p>\n<\/td>\n<\/tr>\n<tr class=\"padrao\" align=\"left\" valign=\"middle\">\n<td class=\"padrao\" align=\"left\" valign=\"middle\">\n<p><span class=\"padrao\">&nbsp;   \t \t \t \t<\/span> \t<!-- \t\t@page { margin: 2cm } \t\tP { margin-bottom: 0.21cm } \t--> \t  <\/p>\n<p style=\"margin-bottom: 0cm\" class=\"padrao\"><strong>Conselho Nacional de Sa&uacute;de<\/strong><\/p>\n<\/td>\n<td class=\"padrao\" align=\"left\" valign=\"middle\">\n<p><span class=\"padrao\">&nbsp;   \t \t \t \t<\/span> \t<!-- \t\t@page { margin: 2cm } \t\tP { margin-bottom: 0.21cm } \t--> \t  <\/p>\n<p style=\"margin-bottom: 0cm\" class=\"padrao\">1937<\/p>\n<\/td>\n<td class=\"padrao\" align=\"left\" valign=\"middle\">\n<p>   \t \t \t \t \t<!-- \t\t@page { margin: 2cm } \t\tP { margin-bottom: 0.21cm } \t--> \t  <\/p>\n<p style=\"margin-bottom: 0cm\" class=\"padrao\">Deliberativo<\/p>\n<p class=\"padrao\">&nbsp;<\/p>\n<\/td>\n<td class=\"padrao\" align=\"left\" valign=\"middle\">\n<p style=\"margin-bottom: 0cm\" class=\"padrao\"><!-- \t\t@page { margin: 2cm } \t\tP { margin-bottom: 0.21cm } \t-->Composto por 48 membros, sendo:<br \/>I&nbsp;&#8211; 50% de representantes de entidades e dos movimentos sociais de usu&aacute;rios do SUS; e<br \/>II&nbsp;&#8211; 50% de representantes de entidades de profissionais de sa&uacute;de, inclu&iacute;da a comunidade cient&iacute;fica da &aacute;rea de sa&uacute;de, de representantes do governo, de entidades de prestadores de servi&ccedil;os de sa&uacute;de, do Conselho Nacional de Secret&aacute;rios de Sa&uacute;de &#8211; CONASS, do Conselho Nacional de Secret&aacute;rios Municipais de Sa&uacute;de &#8211; CONASEMS e de entidades empresariais com atividade na &aacute;rea de sa&uacute;de.<\/p>\n<\/td>\n<td class=\"padrao\" align=\"left\" valign=\"middle\">\n<p>   \t \t \t \t \t<!-- \t\t@page { margin: 2cm } \t\tP { margin-bottom: 0.21cm } \t--> \t  <\/p>\n<p style=\"margin-bottom: 0cm\" class=\"padrao\">Processo eleitoral, a ser realizado a cada 3 anos, contados a partir da primeira elei&ccedil;&atilde;o. <\/p>\n<p>&nbsp;<\/p>\n<\/td>\n<td class=\"padrao\" align=\"left\" valign=\"middle\">\n<p>   \t \t \t \t \t<!-- \t\t@page { margin: 2cm } \t\tP { margin-bottom: 0.21cm } \t--> \t  <\/p>\n<p style=\"margin-bottom: 0cm\" class=\"padrao\">&ldquo;Atuar na formula&ccedil;&atilde;o de estrat&eacute;gias e no controle da execu&ccedil;&atilde;o da Pol&iacute;tica Nacional de Sa&uacute;de, na esfera do Governo Federal, inclusive nos aspectos econ&ocirc;micos e financeiros.&rdquo;<\/p>\n<p class=\"padrao\"> &nbsp;<\/p>\n<\/td>\n<\/tr>\n<tr class=\"padrao\" align=\"left\" valign=\"middle\">\n<td class=\"padrao\" align=\"left\" valign=\"middle\">\n<p><span class=\"padrao\">&nbsp;   \t \t \t \t<\/span> \t<!-- \t\t@page { margin: 2cm } \t\tP { margin-bottom: 0.21cm } \t--> \t  <\/p>\n<p style=\"margin-bottom: 0cm\" class=\"padrao\"><strong>Conselho Nacional de Cultura<\/strong><\/p>\n<\/td>\n<td class=\"padrao\" align=\"left\" valign=\"middle\">\n<p class=\"padrao\">&nbsp;1991 <\/p>\n<\/td>\n<td class=\"padrao\" align=\"left\" valign=\"middle\">\n<p class=\"padrao\">&nbsp;Deliberativo<\/p>\n<\/td>\n<td class=\"padrao\" align=\"left\" valign=\"middle\">\n<p style=\"margin-bottom: 0cm\" class=\"padrao\">Atualmente, integram o conselho 15 membros, formado pelo Ministro da Cultura; pelos presidentes de cada uma das entidades vinculadas ao Minist&eacute;rio da Cultura; pelo presidente de entidade nacional que congrega os Secret&aacute;rios de Cultura das unidades federadas; por 1 representante do empresariado nacional; e por 6 representantes de entidades associativas de setores culturais e art&iacute;sticos, de &acirc;mbito nacional.<\/p>\n<\/td>\n<td class=\"padrao\" align=\"left\" valign=\"middle\">\n<p><span class=\"padrao\">&nbsp;   \t \t \t \t<\/span> \t<!-- \t\t@page { margin: 2cm } \t\tP { margin-bottom: 0.21cm } \t--> \t  <\/p>\n<p style=\"margin-bottom: 0cm\" class=\"padrao\">Indicados pelo Ministro da Cultura. Mandatos de 2 anos.<\/p>\n<\/td>\n<td class=\"padrao\" align=\"left\" valign=\"middle\">\n<p><span class=\"padrao\">&nbsp;   \t \t \t \t<\/span> \t<!-- \t\t@page { margin: 2cm } \t\tP { margin-bottom: 0.21cm } \t--> \t  <\/p>\n<p style=\"margin-bottom: 0cm\" class=\"padrao\">Administrar o Fundo Nacional de Cultura e a pol&iacute;tica de incentivos fiscais &agrave; projetos culturais.<\/p>\n<\/td>\n<\/tr>\n<tr class=\"padrao\" align=\"left\" valign=\"middle\">\n<td class=\"padrao\" align=\"left\" valign=\"middle\">\n<p><span class=\"padrao\">&nbsp;   \t \t \t \t<\/span> \t<!-- \t\t@page { margin: 2cm } \t\tP { margin-bottom: 0.21cm } \t--> \t  <\/p>\n<p style=\"margin-bottom: 0cm\" class=\"padrao\"><strong>Conselho Nacional de Justi&ccedil;a<\/strong><\/p>\n<\/td>\n<td class=\"padrao\" align=\"left\" valign=\"middle\">\n<p class=\"padrao\">2004&nbsp;<\/p>\n<\/td>\n<td class=\"padrao\" align=\"left\" valign=\"middle\">\n<p class=\"padrao\">&nbsp;Consultivo<\/p>\n<\/td>\n<td class=\"padrao\" align=\"left\" valign=\"middle\">\n<p>   \t \t \t \t \t<!-- \t\t@page { margin: 2cm } \t\tP { margin-bottom: 0.21cm } \t--> \t   <\/p>\n<p style=\"margin-bottom: 0cm\" class=\"padrao\">Composto por 15 membros, distribu&iacute;dos da seguinte forma:<br \/>&bull; 1 Ministro do Supremo Tribunal Federal;<br \/>&bull; 1 Ministro do Superior Tribunal de Justi&ccedil;a;<br \/>&bull; 1 Ministro do Tribunal Superior do Trabalho;<br \/>&bull; 1 Desembargador de Tribunal de Justi&ccedil;a;<br \/>&bull; 1 Juiz Estadual;<br \/>&bull; 1 Juiz do Tribunal Regional Federal;<br \/>&bull; 1 Juiz Federal;<br \/>&bull; 1 Juiz de Tribunal Regional do Trabalho;<br \/>&bull; 1 Juiz do trabalho;<br \/>&bull; 1 Membro do Minist&eacute;rio P&uacute;blico da Uni&atilde;o;<br \/>&bull; 1 Membro do Minist&eacute;rio P&uacute;blico Estadual;<br \/>&bull; 2 advogados;<br \/>&bull; 2 cidad&atilde;os de not&aacute;vel saber jur&iacute;dico e reputa&ccedil;&atilde;o ilibada.&nbsp;<\/p>\n<\/td>\n<td class=\"padrao\" align=\"left\" valign=\"middle\">\n<p><span class=\"padrao\">&nbsp;   \t \t \t \t<\/span> \t<!-- \t\t@page { margin: 2cm } \t\tP { margin-bottom: 0.21cm } \t--> \t  <\/p>\n<p style=\"margin-bottom: 0cm\" class=\"padrao\">Indicados pelas autoridades m&aacute;ximas de cada inst&acirc;ncia. Advogados s&atilde;o indicados pela OAB e os cidad&atilde;os pela c&acirc;mera e pelo senado federal. Os representantes devem ter entre 35 e 66 anos de idade.<\/p>\n<p>&nbsp;<\/p>\n<\/td>\n<td class=\"padrao\" align=\"left\" valign=\"middle\">\n<p><span class=\"padrao\">&nbsp;   \t \t \t \t<\/span> \t<!-- \t\t@page { margin: 2cm } \t\tP { margin-bottom: 0.21cm } \t--> \t  <\/p>\n<p style=\"margin-bottom: 0cm\" class=\"padrao\">&ldquo;Controle da atua&ccedil;&atilde;o administrativa e financeira do Poder Judici&aacute;rio e do cumprimento dos deveres funcionais dos ju&iacute;zes.&rdquo;<\/p>\n<p>&nbsp;<\/p>\n<\/td>\n<\/tr>\n<tr>\n<td class=\"padrao\" align=\"left\" valign=\"middle\">\n<p><strong>Conselho Nacional da Juventude<br \/><\/strong><\/p>\n<\/td>\n<td class=\"padrao\" align=\"left\" valign=\"middle\">\n<p>&nbsp;2005<\/p>\n<\/td>\n<td class=\"padrao\" align=\"left\" valign=\"middle\">\n<p>&nbsp;Consultivo<\/p>\n<\/td>\n<td class=\"padrao\" align=\"left\" valign=\"middle\">   \t \t \t \t \t<!-- \t\t@page { margin: 2cm } \t\tP { margin-bottom: 0.21cm } \t--> \t  <\/p>\n<p style=\"margin-bottom: 0cm\" class=\"western\">60 membros, sendo 40 representantes da sociedade civil e 20 do poder p&uacute;blico.<\/p>\n<\/td>\n<td class=\"padrao\" align=\"left\" valign=\"middle\">   \t \t \t \t \t<!-- \t\t@page { margin: 2cm } \t\tP { margin-bottom: 0.21cm } \t--> \t  <\/p>\n<p style=\"margin-bottom: 0cm\" class=\"western\">Integrantes do poder p&uacute;blico indicados pelo Poder Executivo e representantes da sociedade civil inicados pela Secretaria Geral da Presid&ecirc;ncia da Rep&uacute;blica<\/p>\n<\/td>\n<td class=\"padrao\" align=\"left\" valign=\"middle\">\n<p style=\"margin-bottom: 0cm\" class=\"western\">&ldquo;Formular e propor diretrizes da a&ccedil;&atilde;o governamental, voltadas &agrave; promo&ccedil;&atilde;o de pol&iacute;ticas p&uacute;blicas de juventude&rdquo;<\/p>\n<\/td>\n<\/tr>\n<\/tbody>\n<\/table>\n<p class=\"padrao\">\n<p>   \t \t \t \t \t<!-- \t\t@page { margin: 2cm } \t\tP { margin-bottom: 0.21cm } \t--> \t    <\/p>\n<p style=\"margin-bottom: 0cm\" class=\"western\">&nbsp;<\/p>\n<p>*Atual estrutura data de 1995<br \/>** Entretanto, com menor autonomia do que, por exemplo, o Conselho Nacional de Sa&uacute;de &ndash; delibera apenas para algumas mat&eacute;rias.<br \/>*** Igualmente com menor autonomia, delibera sobre algumas quest&otilde;es.<\/p>\n<hr \/>\n<p><em>* Andr&eacute; Ara&uacute;jo colaborou com a realiza&ccedil;&atilde;o desta mat&eacute;ria como integrante do Centro de Comunica&ccedil;&atilde;o, Democracia e Cidadania da Universidade Federal da Bahia.<\/p>\n<p><\/em><span class=\"padrao\"><strong>VEJA TAMB&Eacute;M:<\/strong><br \/><a href=\"http:\/\/localhost\/intervozes_direitoacomunicacao\/wordpress\/?p=24273\">Na BA, demandas empresariais podem atrasar conselho<\/a> <br \/><a href=\"http:\/\/localhost\/intervozes_direitoacomunicacao\/wordpress\/?p=24274\">Poucos estados e munic&iacute;pios contam com conselhos de comunica&ccedil;&atilde;o <\/a> <\/span><em><br \/><\/em><\/p>\n<p>&nbsp;<\/p>\n<p class=\"padrao\"> &nbsp;<\/p>\n","protected":false},"excerpt":{"rendered":"<p>A aus&ecirc;ncia de conselhos na &aacute;rea da comunica&ccedil;&atilde;o faz com que os defensores da cria&ccedil;&atilde;o de inst&acirc;ncias participativas e outras iniciativas democratizantes recorram a modelos &ldquo;importados&rdquo; de outros setores. Algumas das estruturas institucionais envolvendo conselhos ou &oacute;rg&atilde;os gestores participativos mais lembradas est&atilde;o ligadas a toda uma l&oacute;gica de integra&ccedil;&atilde;o da gest&atilde;o e implementa&ccedil;&atilde;o de pol&iacute;ticas &hellip; <a href=\"https:\/\/obscom.intervozes.org.br\/?p=24275\" class=\"more-link\">Continue lendo <span class=\"screen-reader-text\">Experi\u00eancias de outras \u00e1reas inspiram discuss\u00e3o sobre conselhos de comunica\u00e7\u00e3o<\/span> <span class=\"meta-nav\">&rarr;<\/span><\/a><\/p>\n","protected":false},"author":1,"featured_media":0,"comment_status":"open","ping_status":"open","sticky":false,"template":"","format":"standard","meta":{"footnotes":""},"categories":[40],"tags":[1298],"_links":{"self":[{"href":"https:\/\/obscom.intervozes.org.br\/index.php?rest_route=\/wp\/v2\/posts\/24275"}],"collection":[{"href":"https:\/\/obscom.intervozes.org.br\/index.php?rest_route=\/wp\/v2\/posts"}],"about":[{"href":"https:\/\/obscom.intervozes.org.br\/index.php?rest_route=\/wp\/v2\/types\/post"}],"author":[{"embeddable":true,"href":"https:\/\/obscom.intervozes.org.br\/index.php?rest_route=\/wp\/v2\/users\/1"}],"replies":[{"embeddable":true,"href":"https:\/\/obscom.intervozes.org.br\/index.php?rest_route=%2Fwp%2Fv2%2Fcomments&post=24275"}],"version-history":[{"count":2,"href":"https:\/\/obscom.intervozes.org.br\/index.php?rest_route=\/wp\/v2\/posts\/24275\/revisions"}],"predecessor-version":[{"id":28111,"href":"https:\/\/obscom.intervozes.org.br\/index.php?rest_route=\/wp\/v2\/posts\/24275\/revisions\/28111"}],"wp:attachment":[{"href":"https:\/\/obscom.intervozes.org.br\/index.php?rest_route=%2Fwp%2Fv2%2Fmedia&parent=24275"}],"wp:term":[{"taxonomy":"category","embeddable":true,"href":"https:\/\/obscom.intervozes.org.br\/index.php?rest_route=%2Fwp%2Fv2%2Fcategories&post=24275"},{"taxonomy":"post_tag","embeddable":true,"href":"https:\/\/obscom.intervozes.org.br\/index.php?rest_route=%2Fwp%2Fv2%2Ftags&post=24275"}],"curies":[{"name":"wp","href":"https:\/\/api.w.org\/{rel}","templated":true}]}}