{"id":24274,"date":"2010-04-22T18:05:23","date_gmt":"2010-04-22T18:05:23","guid":{"rendered":"https:\/\/obscom.intervozes.org.br\/wordpress\/?p=24274"},"modified":"2014-09-07T02:59:52","modified_gmt":"2014-09-07T02:59:52","slug":"poucos-estados-e-municipios-contam-com-conselhos-de-comunicacao","status":"publish","type":"post","link":"https:\/\/obscom.intervozes.org.br\/?p=24274","title":{"rendered":"Poucos estados e munic\u00edpios contam com conselhos de comunica\u00e7\u00e3o"},"content":{"rendered":"<p>   \t \t \t \t \t<!-- \t\t@page { margin: 2cm } \t\tP { margin-bottom: 0.21cm } \t--> \t  <\/p>\n<p style=\"margin-bottom: 0cm\" class=\"padrao\">Entre os estados brasileiros, apenas tr&ecirc;s possuem conselhos de comunica&ccedil;&atilde;o (Alagoas, Amap&aacute; e Minas Gerais), mas apenas um foi de fato implementado &ndash; o de Alagoas, vinculado &agrave; Secretaria Estadual de Comunica&ccedil;&atilde;o. Em &acirc;mbito municipal, poucas s&atilde;o as experi&ecirc;ncias publicizadas sobre o processo de cria&ccedil;&atilde;o dessas estruturas, mas alguns exemplos s&atilde;o as cidades de Pelotas (RS), Goi&acirc;nia e Juazeiro (BA).<\/p>\n<p>Mesmo pontuais, ou mesmo a maioria n&atilde;o funcionando &agrave; contento, essas experi&ecirc;ncias servem como est&iacute;mulo e subs&iacute;dio. Na cidade de Pelotas, por exemplo, o conselho foi criado por lei em 1999, tendo natureza deliberativa e sendo composto por um ter&ccedil;o de representantes do poder p&uacute;blico local e por dois ter&ccedil;os de representantes de organiza&ccedil;&otilde;es n&atilde;o governamentais, sendo seus representantes eleitos em audi&ecirc;ncia p&uacute;blica. <\/p>\n<p>J&aacute; na cidade de Goi&acirc;nia, a experi&ecirc;ncia &eacute; ainda mais antiga. O conselho foi institu&iacute;do por lei em 1 de julho de 1994. Seu car&aacute;ter &eacute; consultivo e sua composi&ccedil;&atilde;o &eacute; fechada em torno de 12 organiza&ccedil;&otilde;es citadas na legisla&ccedil;&atilde;o e inclui representantes do poder p&uacute;blico, sindicatos de trabalhadores em comunica&ccedil;&atilde;o, representantes de empresas e um representante universit&aacute;rio.<\/p>\n<p>Mais recentemente, uma experi&ecirc;ncia interessante &eacute; a da cidade de S&atilde;o Jos&eacute; da Lapa, em Minas Gerais, onde al&eacute;m da cria&ccedil;&atilde;o do conselho, vem sendo discutida a implementa&ccedil;&atilde;o de um Fundo Municipal para Comunica&ccedil;&atilde;o Comunit&aacute;ria e Popular. Para saber mais sobre essa experi&ecirc;ncia, <a href=\"http:\/\/www.midiaindependente.org\/pt\/red\/2009\/11\/458963.shtml\" target=\"_blank\">clique aqui<\/a>.<\/p>\n<p>Ainda em &acirc;mbito municipal, a cidade de Juazeiro construiu uma experi&ecirc;ncia interessante, onde segmentos da sociedade civil, unificados em torno da Comiss&atilde;o Pr&oacute; Confer&ecirc;ncia local, subsidiaram a cria&ccedil;&atilde;o do cap&iacute;tulo sobre comunica&ccedil;&atilde;o da Lei Org&acirc;nica do munic&iacute;pio, aprovada no ano de 2009. Al&eacute;m disso, eles pleiteiam a cria&ccedil;&atilde;o de um conselho local nos moldes da experi&ecirc;ncia de Pelotas, ou seja, com car&aacute;ter consultivo e formado por um ter&ccedil;o de representantes do poder p&uacute;blico e dois ter&ccedil;os de representantes da sociedade civil. <\/p>\n<p>Em &acirc;mbito estadual, no estado do Rio de Janeiro existem, pelo menos, dois projetos tramitando na Assembl&eacute;ia Legislativa, o mais conhecido deles &eacute; o do atual Ministro da Cultura e na &eacute;poca deputado Carlos Minc (PT) e, o segundo, de autoria da deputada Beatriz Santos (PRB). Na proposta de Minc, ele seria consultivo e composto por 20 membros, sendo formado por metade de representantes do poder p&uacute;blico e metade por representes do setor de comunica&ccedil;&atilde;o, entre movimentos sociais, &oacute;rg&atilde;os de classe e empres&aacute;rios. O projeto de Beatriz prev&ecirc; que 15 dos 20 representantes j&aacute; seriam indicados pela pr&oacute;pria lei e, curiosamente, o texto n&atilde;o fala se o car&aacute;ter do &oacute;rg&atilde;o seria consultivo ou deliberativo.<\/p>\n<p>J&aacute; em Alagoas, o conselho &eacute; formado por 18 membros, sendo 6 representantes do poder p&uacute;blico, 10 da sociedade civil e 2 de empresas de comunica&ccedil;&atilde;o. Seu car&aacute;ter &eacute; consultivo mas, no momento, est&aacute; em discuss&atilde;o sua transforma&ccedil;&atilde;o em &oacute;rg&atilde;o deliberativo. Em Minas Gerais, o Conselho est&aacute; na Constitui&ccedil;&atilde;o Estadual e tem os membros indicados pelo Executivo, mas n&atilde;o funciona.<\/p>\n<p><em>* Andr&eacute; Ara&uacute;jo colaborou com a realiza&ccedil;&atilde;o desta mat&eacute;ria como integrante do Centro de Comunica&ccedil;&atilde;o, Democracia e Cidadania da Universidade Federal da Bahia.<\/p>\n<p><\/em><strong>VEJA TAMB&Eacute;M:<\/strong><br \/><a href=\"http:\/\/localhost\/intervozes_direitoacomunicacao\/wordpress\/?p=24273\">Na BA, demandas empresariais podem atrasar conselho<\/a> <br \/> <a href=\"http:\/\/localhost\/intervozes_direitoacomunicacao\/wordpress\/?p=24275\">Experi&ecirc;ncias de outras &aacute;reas inspiram discuss&atilde;o sobre conselhos de comunica&ccedil;&atilde;o<\/a>   <\/p>\n","protected":false},"excerpt":{"rendered":"<p>Assim mesmo, experi&ecirc;ncias servem de refer&ecirc;ncia para iniciativas que incentivem a participa&ccedil;&atilde;o na formula&ccedil;&atilde;o de pol&iacute;ticas p&uacute;blicas para a &aacute;rea<\/p>\n","protected":false},"author":1,"featured_media":0,"comment_status":"open","ping_status":"open","sticky":false,"template":"","format":"standard","meta":{"footnotes":""},"categories":[40],"tags":[1298],"_links":{"self":[{"href":"https:\/\/obscom.intervozes.org.br\/index.php?rest_route=\/wp\/v2\/posts\/24274"}],"collection":[{"href":"https:\/\/obscom.intervozes.org.br\/index.php?rest_route=\/wp\/v2\/posts"}],"about":[{"href":"https:\/\/obscom.intervozes.org.br\/index.php?rest_route=\/wp\/v2\/types\/post"}],"author":[{"embeddable":true,"href":"https:\/\/obscom.intervozes.org.br\/index.php?rest_route=\/wp\/v2\/users\/1"}],"replies":[{"embeddable":true,"href":"https:\/\/obscom.intervozes.org.br\/index.php?rest_route=%2Fwp%2Fv2%2Fcomments&post=24274"}],"version-history":[{"count":2,"href":"https:\/\/obscom.intervozes.org.br\/index.php?rest_route=\/wp\/v2\/posts\/24274\/revisions"}],"predecessor-version":[{"id":28109,"href":"https:\/\/obscom.intervozes.org.br\/index.php?rest_route=\/wp\/v2\/posts\/24274\/revisions\/28109"}],"wp:attachment":[{"href":"https:\/\/obscom.intervozes.org.br\/index.php?rest_route=%2Fwp%2Fv2%2Fmedia&parent=24274"}],"wp:term":[{"taxonomy":"category","embeddable":true,"href":"https:\/\/obscom.intervozes.org.br\/index.php?rest_route=%2Fwp%2Fv2%2Fcategories&post=24274"},{"taxonomy":"post_tag","embeddable":true,"href":"https:\/\/obscom.intervozes.org.br\/index.php?rest_route=%2Fwp%2Fv2%2Ftags&post=24274"}],"curies":[{"name":"wp","href":"https:\/\/api.w.org\/{rel}","templated":true}]}}