{"id":24272,"date":"2010-04-22T17:06:23","date_gmt":"2010-04-22T17:06:23","guid":{"rendered":"https:\/\/obscom.intervozes.org.br\/wordpress\/?p=24272"},"modified":"2010-04-22T17:06:23","modified_gmt":"2010-04-22T17:06:23","slug":"paulo-markun-deixa-a-presidencia-da-fundacao-padre-anchieta","status":"publish","type":"post","link":"https:\/\/obscom.intervozes.org.br\/?p=24272","title":{"rendered":"Paulo Markun deixa a Presid\u00eancia da Funda\u00e7\u00e3o Padre Anchieta"},"content":{"rendered":"<p> \t<!-- \t\t@page { margin: 2cm } \t\tP { margin-bottom: 0.21cm } \t--> \t <\/p>\n<p style=\"margin-bottom: 0cm\" class=\"padrao\"><strong>Reproduzido do Portal Imprensa <\/strong><\/p>\n<p style=\"margin-bottom: 0cm\" class=\"padrao\">&nbsp;<\/p>\n<p style=\"margin-bottom: 0cm\" class=\"western\"><span class=\"padrao\">A partir do m&ecirc;s de maio, o jornalista Paulo Markun n&atilde;o ser&aacute; mais o presidente da Funda&ccedil;&atilde;o Padre Anchieta, mantenedora da TV Cultura. De acordo com a colunista M&ocirc;nica Bergamo, da <em>Folha de S.Paulo<\/em>, Markun foi avisado por Luiz Antonio Marrey, diretor da Casa Civil paulista, que o governo de S&atilde;o Paulo n&atilde;o o apoiaria na reelei&ccedil;&atilde;o ao posto.<\/p>\n<p><\/span> <\/p>\n<p style=\"margin-bottom: 0cm\" class=\"western\"><span class=\"padrao\">A informa&ccedil;&atilde;o contraria a expectativa de c&iacute;rculos da pol&iacute;tica paulista de que o jornalista permanecesse no cargo por mais um mandato, que tem dura&ccedil;&atilde;o de tr&ecirc;s anos. Markun ocupa a Presid&ecirc;ncia da Funda&ccedil;&atilde;o desde junho de 2007. <\/p>\n<p><\/span> <\/p>\n<p style=\"margin-bottom: 0cm\" class=\"western\"><span class=\"padrao\">O atual secret&aacute;rio da Cultura de S&atilde;o Paulo, Jo&atilde;o Sayad, &eacute; apontado como o principal candidato para substituir Markun no cargo. Em maio, o Conselho Curador da Funda&ccedil;&atilde;o decide o nome do novo comando da Funda&ccedil;&atilde;o.&nbsp; <\/p>\n<p><\/span> <\/p>\n<p style=\"margin-bottom: 0cm\" class=\"padrao\">Ao Portal IMPRENSA, a assessoria da TV Cultura disse que ainda n&atilde;o tem um pronunciamento oficial sobre a sa&iacute;da de Markun. Ele ainda cumpre agenda da Funda&ccedil;&atilde;o Padre Anchieta normalmente. Procurado pela reportagem, o jornalista disse que s&oacute; falar&aacute; sobre o assunto a partir do dia 10 de maio. (<em>Da Reda&ccedil;&atilde;o<\/em>)<\/p>\n","protected":false},"excerpt":{"rendered":"<p>Reproduzido do Portal Imprensa &nbsp; A partir do m&ecirc;s de maio, o jornalista Paulo Markun n&atilde;o ser&aacute; mais o presidente da Funda&ccedil;&atilde;o Padre Anchieta, mantenedora da TV Cultura. De acordo com a colunista M&ocirc;nica Bergamo, da Folha de S.Paulo, Markun foi avisado por Luiz Antonio Marrey, diretor da Casa Civil paulista, que o governo de &hellip; <a href=\"https:\/\/obscom.intervozes.org.br\/?p=24272\" class=\"more-link\">Continue lendo <span class=\"screen-reader-text\">Paulo Markun deixa a Presid\u00eancia da Funda\u00e7\u00e3o Padre Anchieta<\/span> <span class=\"meta-nav\">&rarr;<\/span><\/a><\/p>\n","protected":false},"author":1,"featured_media":0,"comment_status":"open","ping_status":"open","sticky":false,"template":"","format":"standard","meta":{"footnotes":""},"categories":[39],"tags":[],"_links":{"self":[{"href":"https:\/\/obscom.intervozes.org.br\/index.php?rest_route=\/wp\/v2\/posts\/24272"}],"collection":[{"href":"https:\/\/obscom.intervozes.org.br\/index.php?rest_route=\/wp\/v2\/posts"}],"about":[{"href":"https:\/\/obscom.intervozes.org.br\/index.php?rest_route=\/wp\/v2\/types\/post"}],"author":[{"embeddable":true,"href":"https:\/\/obscom.intervozes.org.br\/index.php?rest_route=\/wp\/v2\/users\/1"}],"replies":[{"embeddable":true,"href":"https:\/\/obscom.intervozes.org.br\/index.php?rest_route=%2Fwp%2Fv2%2Fcomments&post=24272"}],"version-history":[{"count":0,"href":"https:\/\/obscom.intervozes.org.br\/index.php?rest_route=\/wp\/v2\/posts\/24272\/revisions"}],"wp:attachment":[{"href":"https:\/\/obscom.intervozes.org.br\/index.php?rest_route=%2Fwp%2Fv2%2Fmedia&parent=24272"}],"wp:term":[{"taxonomy":"category","embeddable":true,"href":"https:\/\/obscom.intervozes.org.br\/index.php?rest_route=%2Fwp%2Fv2%2Fcategories&post=24272"},{"taxonomy":"post_tag","embeddable":true,"href":"https:\/\/obscom.intervozes.org.br\/index.php?rest_route=%2Fwp%2Fv2%2Ftags&post=24272"}],"curies":[{"name":"wp","href":"https:\/\/api.w.org\/{rel}","templated":true}]}}