{"id":24260,"date":"2010-04-20T16:33:50","date_gmt":"2010-04-20T16:33:50","guid":{"rendered":"https:\/\/obscom.intervozes.org.br\/wordpress\/?p=24260"},"modified":"2010-04-20T16:33:50","modified_gmt":"2010-04-20T16:33:50","slug":"anatel-publica-cronograma-para-fixacao-do-preco-do-mmds","status":"publish","type":"post","link":"https:\/\/obscom.intervozes.org.br\/?p=24260","title":{"rendered":"Anatel publica cronograma para fixa\u00e7\u00e3o do pre\u00e7o do MMDS"},"content":{"rendered":"<p>   \t \t \t \t \t<!-- \t\t@page { margin: 2cm } \t\tP { margin-bottom: 0.21cm } \t--> \t  <\/p>\n<p style=\"margin-bottom: 0cm\" class=\"padrao\">A Anatel divulgou nesta segunda-feira, 19, a agenda que pretende adotar para a cobran&ccedil;a das empresas de MMDS pelo direito de explora&ccedil;&atilde;o da faixa de 2,5 GHz. Ainda assim &eacute; imposs&iacute;vel prever quando as empresas ser&atilde;o chamadas para acertar o pagamento pelo uso das radiofrequ&ecirc;ncias. Isso porque a Anatel associou toda a agenda &agrave; &quot;publica&ccedil;&atilde;o da nova vers&atilde;o do Regulamento sobre Condi&ccedil;&otilde;es de Uso de Radiofrequ&ecirc;ncias nas Faixas de 2.170 MHz a 2.182 MHz e de 2.500 MHz a 2.690 MHz&quot;, conforme despacho da presid&ecirc;ncia da Anatel publicado hoje no Di&aacute;rio Oficial da Uni&atilde;o. <\/p>\n<p>Desde o ano passado, a Anatel estuda revisar esta norma, alterando a divis&atilde;o do espectro para garantir a entrada das operadoras m&oacute;veis na faixa de 2,5 GHz. A conclus&atilde;o da revis&atilde;o, no entanto, n&atilde;o tem data para ocorrer. A Anatel encerrou a consulta p&uacute;blica propondo a nova divis&atilde;o do espectro &#8211; onde o SMP ficaria com 140 MHz da faixa e o MMDS, com 50 MHz &#8211; em outubro de 2009, mas, desde ent&atilde;o, n&atilde;o houve publica&ccedil;&atilde;o da nova vers&atilde;o do regulamento. T&eacute;cnicos da ag&ecirc;ncia est&atilde;o renegociando a divis&atilde;o e a proposta que tem mais avan&ccedil;ado &eacute; a de partilha meio a meio da faixa entre operadoras m&oacute;veis e de TV por assinatura, o que ainda pode mudar caso haja demandas mais concretas do governo para uma parte do espectro para o Plano Nacional de Banda Larga. <\/p>\n<p><strong>Calend&aacute;rio <\/strong><\/p>\n<p>Pelo calend&aacute;rio publicado hoje, a Superintend&ecirc;ncia de Servi&ccedil;os de Comunica&ccedil;&atilde;o de Massa (SCM) ter&aacute; 30 dias para fixar o pre&ccedil;o para a explora&ccedil;&atilde;o das radiofrequ&ecirc;ncias no 2,5 GHz, contados a partir da publica&ccedil;&atilde;o do regulamento atualizado. Este pre&ccedil;o dever&aacute; considerar o Valor Presente L&iacute;quido (VPL) das empresas e a explora&ccedil;&atilde;o de Servi&ccedil;os de Valor Adicionado (SVA) por meio das redes de MMDS. O principal SVA a ser explorado por estas redes &eacute; o servi&ccedil;o de banda larga. Ironicamente, as operadoras de MMDS n&atilde;o t&ecirc;m autoriza&ccedil;&atilde;o da Anatel neste momento para prestar este servi&ccedil;o na faixa de 2,5 GHz, seja pela falta de licen&ccedil;as associadas &agrave; explora&ccedil;&atilde;o espec&iacute;fica desse servi&ccedil;o nessa fatia do espectro, seja pela omiss&atilde;o da ag&ecirc;ncia em certificar os equipamentos usados para a oferta de banda larga via WiMAX (&uacute;nica a funcionar nestas frequ&ecirc;ncias por ora). <\/p>\n<p>Ap&oacute;s a fixa&ccedil;&atilde;o do pre&ccedil;o, a SCM ter&aacute; 10 dias para convocar as prestadoras para a assinatura dos novos Termos de Autoriza&ccedil;&atilde;o e consequente pagamento pela explora&ccedil;&atilde;o da faixa. As operadoras ter&atilde;o 10 dias para responder ao chamado, sob pena de ter suas licen&ccedil;as extintas caso n&atilde;o compare&ccedil;am. A Anatel permitir&aacute; prorroga&ccedil;&atilde;o desse &uacute;ltimo prazo uma &uacute;nica vez caso a empresa solicite.<\/p>\n","protected":false},"excerpt":{"rendered":"<p>A Anatel divulgou nesta segunda-feira, 19, a agenda que pretende adotar para a cobran&ccedil;a das empresas de MMDS pelo direito de explora&ccedil;&atilde;o da faixa de 2,5 GHz. Ainda assim &eacute; imposs&iacute;vel prever quando as empresas ser&atilde;o chamadas para acertar o pagamento pelo uso das radiofrequ&ecirc;ncias. Isso porque a Anatel associou toda a agenda &agrave; &quot;publica&ccedil;&atilde;o &hellip; <a href=\"https:\/\/obscom.intervozes.org.br\/?p=24260\" class=\"more-link\">Continue lendo <span class=\"screen-reader-text\">Anatel publica cronograma para fixa\u00e7\u00e3o do pre\u00e7o do MMDS<\/span> <span class=\"meta-nav\">&rarr;<\/span><\/a><\/p>\n","protected":false},"author":1,"featured_media":0,"comment_status":"open","ping_status":"open","sticky":false,"template":"","format":"standard","meta":{"footnotes":""},"categories":[40],"tags":[575],"_links":{"self":[{"href":"https:\/\/obscom.intervozes.org.br\/index.php?rest_route=\/wp\/v2\/posts\/24260"}],"collection":[{"href":"https:\/\/obscom.intervozes.org.br\/index.php?rest_route=\/wp\/v2\/posts"}],"about":[{"href":"https:\/\/obscom.intervozes.org.br\/index.php?rest_route=\/wp\/v2\/types\/post"}],"author":[{"embeddable":true,"href":"https:\/\/obscom.intervozes.org.br\/index.php?rest_route=\/wp\/v2\/users\/1"}],"replies":[{"embeddable":true,"href":"https:\/\/obscom.intervozes.org.br\/index.php?rest_route=%2Fwp%2Fv2%2Fcomments&post=24260"}],"version-history":[{"count":0,"href":"https:\/\/obscom.intervozes.org.br\/index.php?rest_route=\/wp\/v2\/posts\/24260\/revisions"}],"wp:attachment":[{"href":"https:\/\/obscom.intervozes.org.br\/index.php?rest_route=%2Fwp%2Fv2%2Fmedia&parent=24260"}],"wp:term":[{"taxonomy":"category","embeddable":true,"href":"https:\/\/obscom.intervozes.org.br\/index.php?rest_route=%2Fwp%2Fv2%2Fcategories&post=24260"},{"taxonomy":"post_tag","embeddable":true,"href":"https:\/\/obscom.intervozes.org.br\/index.php?rest_route=%2Fwp%2Fv2%2Ftags&post=24260"}],"curies":[{"name":"wp","href":"https:\/\/api.w.org\/{rel}","templated":true}]}}