{"id":24248,"date":"2010-04-15T17:40:17","date_gmt":"2010-04-15T17:40:17","guid":{"rendered":"https:\/\/obscom.intervozes.org.br\/wordpress\/?p=24248"},"modified":"2010-04-15T17:40:17","modified_gmt":"2010-04-15T17:40:17","slug":"novo-adiamento-coloca-em-risco-votacao-do-pl-do-fust-antes-das-eleicoes","status":"publish","type":"post","link":"https:\/\/obscom.intervozes.org.br\/?p=24248","title":{"rendered":"Novo adiamento coloca em risco vota\u00e7\u00e3o do PL do Fust antes das elei\u00e7\u00f5es"},"content":{"rendered":"<p> \t<!-- \t\t@page { margin: 2cm } \t\tP { margin-bottom: 0.21cm } \t--> \t <\/p>\n<p style=\"margin-bottom: 0cm\" class=\"western\"><span class=\"padrao\">Novo adiamento na vota&ccedil;&atilde;o do PL que altera o uso dos recursos do Fust (Fundo de Universaliza&ccedil;&atilde;o dos Servi&ccedil;os de Telecomunica&ccedil;&otilde;es), o Pl 1491\/07, pelo plen&aacute;rio da C&acirc;mara, deixou preocupados os deputados que veem no projeto uma ferramenta para massifica&ccedil;&atilde;o da banda larga no pa&iacute;s. H&aacute; quem duvide at&eacute; que o projeto seja votado antes das elei&ccedil;&otilde;es, tal a disposi&ccedil;&atilde;o dos parlamentares em apreciar mat&eacute;rias de interesse do executivo. <\/p>\n<p><\/span> <\/p>\n<p style=\"margin-bottom: 0cm\" class=\"western\"><span class=\"padrao\">O deputado Paulo Henrique Lustosa (PMDB-CE), relator da proposi&ccedil;&atilde;o na Comiss&atilde;o Especial, &eacute; um dos que pensam assim. Ele disse que n&atilde;o h&aacute; mais nenhum &oacute;bice &agrave; vota&ccedil;&atilde;o, o governo garante os votos, mas a mat&eacute;ria n&atilde;o anda. Ainda por cima, relata, o presidente da C&acirc;mara, deputado Michel Temer (PMDB-SP), adiantou que dedicar&aacute; as pr&oacute;ximas quatro semana para vota&ccedil;&atilde;o de PECs (Propostas de Emendas &agrave; Constitui&ccedil;&atilde;o) e MPs (Medidas Provis&oacute;rias).<\/p>\n<p><\/span> <\/p>\n<p style=\"margin-bottom: 0cm\" class=\"western\"><span class=\"padrao\">Menos pessimista, o deputado J&uacute;lio Semeghini (PSDB-SP), ainda espera que o projeto seja votado este m&ecirc;s. Mas admite que ainda falta amarrar melhor o acordo sobre a cria&ccedil;&atilde;o do comit&ecirc; gestor dos recursos do fundo, previsto no projeto. O seu partido defende que a gest&atilde;o do Fust fique mesmo com o Minist&eacute;rio das Comunica&ccedil;&otilde;es e a Anatel, como prev&ecirc; a lei atual. &ldquo;Agora, se o Minicom decidir criar um comit&ecirc;, que o fa&ccedil;a por portaria, ou que o governo baixe um decreto, sem que isso seja necess&aacute;rio de constar na nova lei&rdquo;, defende.<\/p>\n<p><\/span> <\/p>\n<p style=\"margin-bottom: 0cm\" class=\"western\"><span class=\"padrao\">O deputado Gustavo Fruet (PSDB-PR) concorda com Semeghini. Ele acha que a cria&ccedil;&atilde;o do comit&ecirc;, que ficaria sob a responsabilidade da Casa Civil, &eacute; dar poder demais a este minist&eacute;rio. &ldquo;Em ano eleitoral, decis&otilde;es desse tipo sempre encontram dificuldades&rdquo;, disse. Mas tamb&eacute;m acredita que o projeto ainda possa ser votado antes das elei&ccedil;&otilde;es. No momento, contudo, v&ecirc; problema na pauta do plen&aacute;rio, recheada de temas sens&iacute;veis, como o reajuste dos aposentados.<\/p>\n<p><\/span> <\/p>\n<p style=\"margin-bottom: 0cm\" class=\"padrao\">O deputado Miro Teixeira (PDT-RJ), mais otimista, ainda espera que a vota&ccedil;&atilde;o do PL do Fust possa acontecer amanh&atilde;. Ele &eacute; autor de uma emenda que prev&ecirc; a contrapartida em igual valor dos recursos obtidos do fundo por empresas privadas que prestam servi&ccedil;os de telecomunica&ccedil;&otilde;es em regime privado. &ldquo;Essa altera&ccedil;&atilde;o visa reduzir o impacto sobre as contas p&uacute;blicas&rdquo;, explica.<\/p>\n<p style=\"margin-bottom: 0cm\" class=\"western\"><span class=\"padrao\">J&aacute; o deputado Walter Pinheiro (PT-BA) prev&ecirc; a vota&ccedil;&atilde;o da mat&eacute;ria na semana que vem. Ele disse que a oposi&ccedil;&atilde;o continua implicando contra a cria&ccedil;&atilde;o do comit&ecirc; gestor do fundo, mas n&atilde;o oferece uma alternativa para que o acordo seja efetivamente fechado. &ldquo;O governo n&atilde;o v&ecirc; na quest&atilde;o um motivo para guerra&rdquo;, avalia.<\/p>\n<p><\/span> <\/p>\n<p style=\"margin-bottom: 0cm\" class=\"padrao\">O PL 1481, de origem do Senado, permite o uso dos recursos do Fust no financiamento de servi&ccedil;os como a internet banda larga, por isso, sua aprova&ccedil;&atilde;o &eacute; considerada fundamental para o financiamento do Plano Nacional de Banda Larga (PNBL), que est&aacute; em elabora&ccedil;&atilde;o pelo governo. Ap&oacute;s aprovado na C&acirc;mara, o projeto ter&aacute; que voltar ao Senado em fun&ccedil;&atilde;o das altera&ccedil;&otilde;es.&nbsp;<\/p>\n","protected":false},"excerpt":{"rendered":"<p>Novo adiamento na vota&ccedil;&atilde;o do PL que altera o uso dos recursos do Fust (Fundo de Universaliza&ccedil;&atilde;o dos Servi&ccedil;os de Telecomunica&ccedil;&otilde;es), o Pl 1491\/07, pelo plen&aacute;rio da C&acirc;mara, deixou preocupados os deputados que veem no projeto uma ferramenta para massifica&ccedil;&atilde;o da banda larga no pa&iacute;s. H&aacute; quem duvide at&eacute; que o projeto seja votado antes &hellip; <a href=\"https:\/\/obscom.intervozes.org.br\/?p=24248\" class=\"more-link\">Continue lendo <span class=\"screen-reader-text\">Novo adiamento coloca em risco vota\u00e7\u00e3o do PL do Fust antes das elei\u00e7\u00f5es<\/span> <span class=\"meta-nav\">&rarr;<\/span><\/a><\/p>\n","protected":false},"author":1,"featured_media":0,"comment_status":"open","ping_status":"open","sticky":false,"template":"","format":"standard","meta":{"footnotes":""},"categories":[40],"tags":[545],"_links":{"self":[{"href":"https:\/\/obscom.intervozes.org.br\/index.php?rest_route=\/wp\/v2\/posts\/24248"}],"collection":[{"href":"https:\/\/obscom.intervozes.org.br\/index.php?rest_route=\/wp\/v2\/posts"}],"about":[{"href":"https:\/\/obscom.intervozes.org.br\/index.php?rest_route=\/wp\/v2\/types\/post"}],"author":[{"embeddable":true,"href":"https:\/\/obscom.intervozes.org.br\/index.php?rest_route=\/wp\/v2\/users\/1"}],"replies":[{"embeddable":true,"href":"https:\/\/obscom.intervozes.org.br\/index.php?rest_route=%2Fwp%2Fv2%2Fcomments&post=24248"}],"version-history":[{"count":0,"href":"https:\/\/obscom.intervozes.org.br\/index.php?rest_route=\/wp\/v2\/posts\/24248\/revisions"}],"wp:attachment":[{"href":"https:\/\/obscom.intervozes.org.br\/index.php?rest_route=%2Fwp%2Fv2%2Fmedia&parent=24248"}],"wp:term":[{"taxonomy":"category","embeddable":true,"href":"https:\/\/obscom.intervozes.org.br\/index.php?rest_route=%2Fwp%2Fv2%2Fcategories&post=24248"},{"taxonomy":"post_tag","embeddable":true,"href":"https:\/\/obscom.intervozes.org.br\/index.php?rest_route=%2Fwp%2Fv2%2Ftags&post=24248"}],"curies":[{"name":"wp","href":"https:\/\/api.w.org\/{rel}","templated":true}]}}