{"id":24238,"date":"2010-04-12T17:45:50","date_gmt":"2010-04-12T17:45:50","guid":{"rendered":"https:\/\/obscom.intervozes.org.br\/wordpress\/?p=24238"},"modified":"2010-04-12T17:45:50","modified_gmt":"2010-04-12T17:45:50","slug":"rede-minas-assina-acordo-de-adesao-a-rede-publica-de-tv","status":"publish","type":"post","link":"https:\/\/obscom.intervozes.org.br\/?p=24238","title":{"rendered":"Rede Minas assina acordo de ades\u00e3o \u00e0 Rede P\u00fablica de TV"},"content":{"rendered":"<p> \t<!-- \t\t@page { margin: 2cm } \t\tP { margin-bottom: 0.21cm } \t--> \t <\/p>\n<p style=\"margin-bottom: 0cm\" class=\"padrao\"><strong>Reproduzido do site da EBC <\/strong><\/p>\n<p style=\"margin-bottom: 0cm\" class=\"padrao\">&nbsp;<\/p>\n<p style=\"margin-bottom: 0cm\" class=\"western\"><span class=\"padrao\"> Mais uma emissora p&uacute;blica estadual, a TV Minas, assinou ontem contrato de ades&atilde;o &agrave; Rede P&uacute;blica de Televis&atilde;o articulada pela TV Brasil. &nbsp;O contrato foi assinado em Bras&iacute;lia, na sede da Empresa Brasil de Comunica&ccedil;&atilde;o-EBC, &nbsp;empresa gestora da TV Brasil. &nbsp;No dia 3 de maio pr&oacute;ximo, ter&aacute; in&iacute;cio as transmiss&otilde;es simult&acirc;neas entre a TV Brasil e suas associadas, configurando oficialmente a forma&ccedil;&atilde;o da rede p&uacute;blica. Este momento ser&aacute; precedido de uma reuni&atilde;o das emissoras na sede da TV Brasil no Rio de Janeiro, no pr&oacute;ximo dia 27.<\/p>\n<p><\/span> <\/p>\n<p style=\"margin-bottom: 0cm\" class=\"western\"><span class=\"padrao\">A TV Minas firmou o compromisso de transmiss&atilde;o simult&acirc;nea, com a TV Brasil e associadas, de seis horas de programa&ccedil;&atilde;o, que incluem conte&uacute;dos da TV Brasil e das emissoras associadas. A exemplo das demais emissoras, a TV Minas tamb&eacute;m firmar&aacute; contratos com a EBC\/TV Brasil para o fornecimento de conte&uacute;dos jornal&iacute;sticos e para a coprodu&ccedil;&atilde;o de programas. A emissora mineira produzir&aacute;, para exibi&ccedil;&atilde;o em toda a rede, os programas Diverso, Rede Jovem Cidadania e Dango Balango.<\/p>\n<p><\/span> <\/p>\n<p style=\"margin-bottom: 0cm\" class=\"western\"><span class=\"padrao\">O presidente da Rede Minas, Jos&eacute; Eduardo Silva Gon&ccedil;alves, destacou o compromisso da &nbsp;TV Minas &nbsp;com a qualidade da comunica&ccedil;&atilde;o p&uacute;blica e louvou a oportunidade de integra&ccedil;&atilde;o criada pela EBC: &quot;Esse &eacute; o momento certo para fazermos uma comunica&ccedil;&atilde;o p&uacute;blica melhor. Estamos satisfeitos de participar da constru&ccedil;&atilde;o de um modelo de TV p&uacute;blica com um conceito mais consistente e robusto, &nbsp;voltado para a diversidade do pa&iacute;s&quot;, afirmou. (<em>Da Reda&ccedil;&atilde;o<\/em>)<\/span><\/p>\n<p style=\"margin-bottom: 0cm\" class=\"western\"> <\/p>\n","protected":false},"excerpt":{"rendered":"<p>Reproduzido do site da EBC &nbsp; Mais uma emissora p&uacute;blica estadual, a TV Minas, assinou ontem contrato de ades&atilde;o &agrave; Rede P&uacute;blica de Televis&atilde;o articulada pela TV Brasil. &nbsp;O contrato foi assinado em Bras&iacute;lia, na sede da Empresa Brasil de Comunica&ccedil;&atilde;o-EBC, &nbsp;empresa gestora da TV Brasil. &nbsp;No dia 3 de maio pr&oacute;ximo, ter&aacute; in&iacute;cio as &hellip; <a href=\"https:\/\/obscom.intervozes.org.br\/?p=24238\" class=\"more-link\">Continue lendo <span class=\"screen-reader-text\">Rede Minas assina acordo de ades\u00e3o \u00e0 Rede P\u00fablica de TV<\/span> <span class=\"meta-nav\">&rarr;<\/span><\/a><\/p>\n","protected":false},"author":1,"featured_media":0,"comment_status":"open","ping_status":"open","sticky":false,"template":"","format":"standard","meta":{"footnotes":""},"categories":[39],"tags":[],"_links":{"self":[{"href":"https:\/\/obscom.intervozes.org.br\/index.php?rest_route=\/wp\/v2\/posts\/24238"}],"collection":[{"href":"https:\/\/obscom.intervozes.org.br\/index.php?rest_route=\/wp\/v2\/posts"}],"about":[{"href":"https:\/\/obscom.intervozes.org.br\/index.php?rest_route=\/wp\/v2\/types\/post"}],"author":[{"embeddable":true,"href":"https:\/\/obscom.intervozes.org.br\/index.php?rest_route=\/wp\/v2\/users\/1"}],"replies":[{"embeddable":true,"href":"https:\/\/obscom.intervozes.org.br\/index.php?rest_route=%2Fwp%2Fv2%2Fcomments&post=24238"}],"version-history":[{"count":0,"href":"https:\/\/obscom.intervozes.org.br\/index.php?rest_route=\/wp\/v2\/posts\/24238\/revisions"}],"wp:attachment":[{"href":"https:\/\/obscom.intervozes.org.br\/index.php?rest_route=%2Fwp%2Fv2%2Fmedia&parent=24238"}],"wp:term":[{"taxonomy":"category","embeddable":true,"href":"https:\/\/obscom.intervozes.org.br\/index.php?rest_route=%2Fwp%2Fv2%2Fcategories&post=24238"},{"taxonomy":"post_tag","embeddable":true,"href":"https:\/\/obscom.intervozes.org.br\/index.php?rest_route=%2Fwp%2Fv2%2Ftags&post=24238"}],"curies":[{"name":"wp","href":"https:\/\/api.w.org\/{rel}","templated":true}]}}