{"id":24235,"date":"2010-04-12T17:27:26","date_gmt":"2010-04-12T17:27:26","guid":{"rendered":"https:\/\/obscom.intervozes.org.br\/wordpress\/?p=24235"},"modified":"2010-04-12T17:27:26","modified_gmt":"2010-04-12T17:27:26","slug":"maceio-promulga-lei-que-exige-diploma-para-o-servico-publico","status":"publish","type":"post","link":"https:\/\/obscom.intervozes.org.br\/?p=24235","title":{"rendered":"Macei\u00f3 promulga lei que exige diploma para o servi\u00e7o p\u00fablico"},"content":{"rendered":"<p> \t<!-- \t\t@page { margin: 2cm } \t\tP { margin-bottom: 0.21cm } \t--> \t <\/p>\n<p style=\"margin-bottom: 0cm\" class=\"padrao\"><strong>Reproduzido do Comunique-se* <\/strong><\/p>\n<p style=\"margin-bottom: 0cm\" class=\"padrao\">&nbsp;<\/p>\n<p style=\"margin-bottom: 0cm\" class=\"western\"><span class=\"padrao\">A C&acirc;mara Municipal de Macei&oacute; (AL) promulgou, na &uacute;ltima quarta-feira (07\/04), lei que torna obrigat&oacute;ria a gradua&ccedil;&atilde;o em Jornalismo para contratados para a fun&ccedil;&atilde;o pelo executivo e legislativo da cidade.<\/p>\n<p><\/span> <\/p>\n<p style=\"margin-bottom: 0cm\" class=\"western\"><span class=\"padrao\">A lei, de autoria da vereadora Tereza Neuma (PSB), foi aprovada pela C&acirc;mara em agosto do ano passado. Como a Prefeitura n&atilde;o se posicionou pelo veto ou aprova&ccedil;&atilde;o no prazo legal, ela foi promulgada oficialmente.<\/p>\n<p><\/span> <\/p>\n<p style=\"margin-bottom: 0cm\" class=\"padrao\">Macei&oacute; foi a primeira cidade do Pa&iacute;s a apresentar projeto dessa natureza. A iniciativa foi replicada em v&aacute;rios estados e munic&iacute;pios, como Natal (RN) e Rio Grande do Sul. (<em>Da Reda&ccedil;&atilde;o<\/em>) <\/p>\n<p style=\"margin-bottom: 0cm\" class=\"padrao\">&nbsp;<\/p>\n<p style=\"margin-bottom: 0cm\" class=\"western\"> \t<!-- \t\t@page { margin: 2cm } \t\tP { margin-bottom: 0.21cm } \t--> \t <\/p>\n<p style=\"margin-bottom: 0cm\" class=\"padrao\"><em>* com informa&ccedil;&otilde;es do Sindicato dos Jornalistas do Estado de Alagoas.<\/em><\/p>\n<p> &nbsp;<\/p>\n<p>&nbsp;<\/p>\n","protected":false},"excerpt":{"rendered":"<p>Reproduzido do Comunique-se* &nbsp; A C&acirc;mara Municipal de Macei&oacute; (AL) promulgou, na &uacute;ltima quarta-feira (07\/04), lei que torna obrigat&oacute;ria a gradua&ccedil;&atilde;o em Jornalismo para contratados para a fun&ccedil;&atilde;o pelo executivo e legislativo da cidade. A lei, de autoria da vereadora Tereza Neuma (PSB), foi aprovada pela C&acirc;mara em agosto do ano passado. Como a Prefeitura &hellip; <a href=\"https:\/\/obscom.intervozes.org.br\/?p=24235\" class=\"more-link\">Continue lendo <span class=\"screen-reader-text\">Macei\u00f3 promulga lei que exige diploma para o servi\u00e7o p\u00fablico<\/span> <span class=\"meta-nav\">&rarr;<\/span><\/a><\/p>\n","protected":false},"author":1,"featured_media":0,"comment_status":"open","ping_status":"open","sticky":false,"template":"","format":"standard","meta":{"footnotes":""},"categories":[39],"tags":[],"_links":{"self":[{"href":"https:\/\/obscom.intervozes.org.br\/index.php?rest_route=\/wp\/v2\/posts\/24235"}],"collection":[{"href":"https:\/\/obscom.intervozes.org.br\/index.php?rest_route=\/wp\/v2\/posts"}],"about":[{"href":"https:\/\/obscom.intervozes.org.br\/index.php?rest_route=\/wp\/v2\/types\/post"}],"author":[{"embeddable":true,"href":"https:\/\/obscom.intervozes.org.br\/index.php?rest_route=\/wp\/v2\/users\/1"}],"replies":[{"embeddable":true,"href":"https:\/\/obscom.intervozes.org.br\/index.php?rest_route=%2Fwp%2Fv2%2Fcomments&post=24235"}],"version-history":[{"count":0,"href":"https:\/\/obscom.intervozes.org.br\/index.php?rest_route=\/wp\/v2\/posts\/24235\/revisions"}],"wp:attachment":[{"href":"https:\/\/obscom.intervozes.org.br\/index.php?rest_route=%2Fwp%2Fv2%2Fmedia&parent=24235"}],"wp:term":[{"taxonomy":"category","embeddable":true,"href":"https:\/\/obscom.intervozes.org.br\/index.php?rest_route=%2Fwp%2Fv2%2Fcategories&post=24235"},{"taxonomy":"post_tag","embeddable":true,"href":"https:\/\/obscom.intervozes.org.br\/index.php?rest_route=%2Fwp%2Fv2%2Ftags&post=24235"}],"curies":[{"name":"wp","href":"https:\/\/api.w.org\/{rel}","templated":true}]}}