{"id":24226,"date":"2010-04-08T18:41:34","date_gmt":"2010-04-08T18:41:34","guid":{"rendered":"https:\/\/obscom.intervozes.org.br\/wordpress\/?p=24226"},"modified":"2010-04-08T18:41:34","modified_gmt":"2010-04-08T18:41:34","slug":"para-vannuchi-reacao-da-midia-ao-pndh-e-equivocada","status":"publish","type":"post","link":"https:\/\/obscom.intervozes.org.br\/?p=24226","title":{"rendered":"Para Vannuchi, rea\u00e7\u00e3o da m\u00eddia ao PNDH \u00e9 equivocada"},"content":{"rendered":"<p>   \t \t \t \t \t<!-- \t\t@page { margin: 2cm } \t\tP { margin-bottom: 0.21cm } \t--> \t  <\/p>\n<p style=\"margin-bottom: 0cm\" class=\"padrao\">O ministro da Secretaria de Direitos Humanos, Paulo Vannuchi, afirmou que a parte sobre a imprensa no Plano Nacional de Direitos Humanos (PNDH-3) est&aacute; aberta a altera&ccedil;&otilde;es. Em audi&ecirc;ncia promovida pelo Senado nesta quinta-feira (08\/04), o ministro disse que o termo &ldquo;controle social&rdquo; n&atilde;o est&aacute; no texto e que a repercuss&atilde;o negativa do projeto foi causada por equ&iacute;vocos de interpreta&ccedil;&atilde;o.<\/p>\n<p>&ldquo;A rea&ccedil;&atilde;o ao PNDH na quest&atilde;o da imprensa, ela n&atilde;o se explica com uma leitura estrita ao que o programa prop&otilde;e. A palavra controle social n&atilde;o est&aacute; presente e as altera&ccedil;&otilde;es que podem ser introduzidas &eacute; no sentido de reafirmar a import&acirc;ncia da mais ampla e total liberdade de imprensa construir mecanismos de acompanhamento, algo a ver com a classifica&ccedil;&atilde;o indicativa e analogias&rdquo;, afirmou.<\/p>\n<p>Segundo o ministro, o PNDH-3 garante o direito &agrave; &ldquo;informa&ccedil;&atilde;o democr&aacute;tica&rdquo;. Ele afastou qualquer possibilidade de cria&ccedil;&atilde;o de uma comiss&atilde;o governamental para monitorar os crit&eacute;rios editoriais dos ve&iacute;culos de comunica&ccedil;&atilde;o.<\/p>\n<p>Vannuchi explicou que a inten&ccedil;&atilde;o &eacute; formar um grupo, com envolvimento de entidades da imprensa, como a Associa&ccedil;&atilde;o Brasileira de Empresas de R&aacute;dio e Televis&atilde;o (Abert) e a Associa&ccedil;&atilde;o Nacional de Jornais (ANJ). De acordo com o ministro, a ideia &eacute; formular a&ccedil;&otilde;es parecidas com a campanha &ldquo;Quem financia a baixaria &eacute; contra a cidadania&rdquo; ou com premia&ccedil;&otilde;es como o Pr&ecirc;mio Vladimir Herzog.<\/p>\n<p>Com informa&ccedil;&otilde;es de <em>O Globo<\/em>, <em>Ag&ecirc;ncia Senado <\/em>e <em>Congresso em Foco<\/em>.<\/p>\n","protected":false},"excerpt":{"rendered":"<p>O ministro da Secretaria de Direitos Humanos, Paulo Vannuchi, afirmou que a parte sobre a imprensa no Plano Nacional de Direitos Humanos (PNDH-3) est&aacute; aberta a altera&ccedil;&otilde;es. Em audi&ecirc;ncia promovida pelo Senado nesta quinta-feira (08\/04), o ministro disse que o termo &ldquo;controle social&rdquo; n&atilde;o est&aacute; no texto e que a repercuss&atilde;o negativa do projeto foi &hellip; <a href=\"https:\/\/obscom.intervozes.org.br\/?p=24226\" class=\"more-link\">Continue lendo <span class=\"screen-reader-text\">Para Vannuchi, rea\u00e7\u00e3o da m\u00eddia ao PNDH \u00e9 equivocada<\/span> <span class=\"meta-nav\">&rarr;<\/span><\/a><\/p>\n","protected":false},"author":1,"featured_media":0,"comment_status":"open","ping_status":"open","sticky":false,"template":"","format":"standard","meta":{"footnotes":""},"categories":[40],"tags":[1196],"_links":{"self":[{"href":"https:\/\/obscom.intervozes.org.br\/index.php?rest_route=\/wp\/v2\/posts\/24226"}],"collection":[{"href":"https:\/\/obscom.intervozes.org.br\/index.php?rest_route=\/wp\/v2\/posts"}],"about":[{"href":"https:\/\/obscom.intervozes.org.br\/index.php?rest_route=\/wp\/v2\/types\/post"}],"author":[{"embeddable":true,"href":"https:\/\/obscom.intervozes.org.br\/index.php?rest_route=\/wp\/v2\/users\/1"}],"replies":[{"embeddable":true,"href":"https:\/\/obscom.intervozes.org.br\/index.php?rest_route=%2Fwp%2Fv2%2Fcomments&post=24226"}],"version-history":[{"count":0,"href":"https:\/\/obscom.intervozes.org.br\/index.php?rest_route=\/wp\/v2\/posts\/24226\/revisions"}],"wp:attachment":[{"href":"https:\/\/obscom.intervozes.org.br\/index.php?rest_route=%2Fwp%2Fv2%2Fmedia&parent=24226"}],"wp:term":[{"taxonomy":"category","embeddable":true,"href":"https:\/\/obscom.intervozes.org.br\/index.php?rest_route=%2Fwp%2Fv2%2Fcategories&post=24226"},{"taxonomy":"post_tag","embeddable":true,"href":"https:\/\/obscom.intervozes.org.br\/index.php?rest_route=%2Fwp%2Fv2%2Ftags&post=24226"}],"curies":[{"name":"wp","href":"https:\/\/api.w.org\/{rel}","templated":true}]}}