{"id":24223,"date":"2010-04-08T18:24:13","date_gmt":"2010-04-08T18:24:13","guid":{"rendered":"https:\/\/obscom.intervozes.org.br\/wordpress\/?p=24223"},"modified":"2010-04-08T18:24:13","modified_gmt":"2010-04-08T18:24:13","slug":"para-empresas-de-mmds-incertezas-regulatorias-sao-ameaca-a-investimentos","status":"publish","type":"post","link":"https:\/\/obscom.intervozes.org.br\/?p=24223","title":{"rendered":"Para empresas de MMDS, incertezas regulat\u00f3rias s\u00e3o amea\u00e7a a investimentos"},"content":{"rendered":"<p>   \t \t \t \t \t<!-- \t\t@page { margin: 2cm } \t\tP { margin-bottom: 0.21cm } \t--> \t  <\/p>\n<p style=\"margin-bottom: 0cm\" class=\"padrao\">O debate realizado nesta quarta, 7, na Comiss&atilde;o de Ci&ecirc;ncia e Tecnologia do Senado sobre a faixa de 2,5 GHz serviu para consolidar as posi&ccedil;&otilde;es dos diferentes setores sobre o tema. <\/p>\n<p>Para Jo&atilde;o Reino, presidente da operadora de MMDS Acom, segunda maior operadora do servi&ccedil;o no Brasil, a for&ccedil;a pol&iacute;tica das operadoras m&oacute;veis tem funcionado a favor da mudan&ccedil;a da destina&ccedil;&atilde;o da faixa. &quot;O lobby das celulares &eacute; muito maior do que o nosso. N&oacute;s estamos sofrendo muito; estamos h&aacute; tr&ecirc;s anos investindo nessa inseguran&ccedil;a&quot;, protestou o executivo. Segundo o presidente da Neotec, Carlos Andr&eacute; Albuquerque, as negocia&ccedil;&otilde;es das empresas de MMDS com a Anatel n&atilde;o avan&ccedil;aram at&eacute; agora. E, se a proposta for mantida como est&aacute;, essas operadoras estar&atilde;o fadadas a fechar. <\/p>\n<p>&quot;Como um empres&aacute;rio faz investimentos em um setor de capital intensivo com instabilidade regulat&oacute;ria e pol&iacute;ticas de desincentivo? Porque a CP 31 &eacute; isso: um desincentivo&quot;, reclamou Albuquerque, referindo-se &agrave; consulta p&uacute;blica sobre a mudan&ccedil;a de faixa. &quot;Caso isso prevale&ccedil;a, ser&aacute; o fim do MMDS no Brasil&quot;, acrescentou. <\/p>\n<p><strong>Triple play <\/strong><\/p>\n<p>Para o presidente da ABTA, Alexandre Annenberg, o maior derrotado com uma decis&atilde;o desfavor&aacute;vel ao MMDS ser&aacute; o consumidor de servi&ccedil;os de telecomunica&ccedil;&otilde;es. Annenberg defendeu a necessidade de a ag&ecirc;ncia reguladora assegurar que as empresas ofere&ccedil;am a seus clientes o famoso &quot;triple play&quot;, pacote de servi&ccedil;os conjugados de voz, v&iacute;deo e dados. Essa oferta conjugada pode trazer benef&iacute;cios para o consumidor, na vis&atilde;o do executivo, al&eacute;m do papel estrat&eacute;gico das empresas de MMDS na expans&atilde;o das pol&iacute;ticas de inclus&atilde;o digital. &quot;O MMDS &eacute; o meio para se fazer a inclus&atilde;o digital no Brasil. &Eacute; por isso que ele precisa desse dito &#39;latif&uacute;ndio&#39; de radiofrequ&ecirc;ncia&quot;, afirmou Annenberg, rebatendo as cr&iacute;ticas de que a fatia de 190 MHz no 2,5 GHz destinada hoje &agrave; TV por assinatura seria grande demais para a execu&ccedil;&atilde;o desse servi&ccedil;o.<\/p>\n<p style=\"margin-bottom: 0cm\" class=\"western\"> <\/p>\n","protected":false},"excerpt":{"rendered":"<p>O debate realizado nesta quarta, 7, na Comiss&atilde;o de Ci&ecirc;ncia e Tecnologia do Senado sobre a faixa de 2,5 GHz serviu para consolidar as posi&ccedil;&otilde;es dos diferentes setores sobre o tema. Para Jo&atilde;o Reino, presidente da operadora de MMDS Acom, segunda maior operadora do servi&ccedil;o no Brasil, a for&ccedil;a pol&iacute;tica das operadoras m&oacute;veis tem funcionado &hellip; <a href=\"https:\/\/obscom.intervozes.org.br\/?p=24223\" class=\"more-link\">Continue lendo <span class=\"screen-reader-text\">Para empresas de MMDS, incertezas regulat\u00f3rias s\u00e3o amea\u00e7a a investimentos<\/span> <span class=\"meta-nav\">&rarr;<\/span><\/a><\/p>\n","protected":false},"author":1,"featured_media":0,"comment_status":"open","ping_status":"open","sticky":false,"template":"","format":"standard","meta":{"footnotes":""},"categories":[40],"tags":[575],"_links":{"self":[{"href":"https:\/\/obscom.intervozes.org.br\/index.php?rest_route=\/wp\/v2\/posts\/24223"}],"collection":[{"href":"https:\/\/obscom.intervozes.org.br\/index.php?rest_route=\/wp\/v2\/posts"}],"about":[{"href":"https:\/\/obscom.intervozes.org.br\/index.php?rest_route=\/wp\/v2\/types\/post"}],"author":[{"embeddable":true,"href":"https:\/\/obscom.intervozes.org.br\/index.php?rest_route=\/wp\/v2\/users\/1"}],"replies":[{"embeddable":true,"href":"https:\/\/obscom.intervozes.org.br\/index.php?rest_route=%2Fwp%2Fv2%2Fcomments&post=24223"}],"version-history":[{"count":0,"href":"https:\/\/obscom.intervozes.org.br\/index.php?rest_route=\/wp\/v2\/posts\/24223\/revisions"}],"wp:attachment":[{"href":"https:\/\/obscom.intervozes.org.br\/index.php?rest_route=%2Fwp%2Fv2%2Fmedia&parent=24223"}],"wp:term":[{"taxonomy":"category","embeddable":true,"href":"https:\/\/obscom.intervozes.org.br\/index.php?rest_route=%2Fwp%2Fv2%2Fcategories&post=24223"},{"taxonomy":"post_tag","embeddable":true,"href":"https:\/\/obscom.intervozes.org.br\/index.php?rest_route=%2Fwp%2Fv2%2Ftags&post=24223"}],"curies":[{"name":"wp","href":"https:\/\/api.w.org\/{rel}","templated":true}]}}