{"id":24220,"date":"2010-04-08T18:18:50","date_gmt":"2010-04-08T18:18:50","guid":{"rendered":"https:\/\/obscom.intervozes.org.br\/wordpress\/?p=24220"},"modified":"2010-04-08T18:18:50","modified_gmt":"2010-04-08T18:18:50","slug":"banda-larga-tera-politica-fiscal-industrial-e-regulatoria","status":"publish","type":"post","link":"https:\/\/obscom.intervozes.org.br\/?p=24220","title":{"rendered":"Banda larga ter\u00e1 pol\u00edtica fiscal, industrial e regulat\u00f3ria"},"content":{"rendered":"<p>   \t \t \t \t \t<!-- \t\t@page { margin: 2cm } \t\tP { margin-bottom: 0.21cm } \t--> \t  <\/p>\n<p style=\"margin-bottom: 0cm\" class=\"padrao\"><a name=\"parent-fieldname-title\"><\/a>O Plano Nacional de Banda Larga vai propor incentivos fiscais, uma pol&iacute;tica industrial para a produ&ccedil;&atilde;o nacional, a pol&iacute;tica regulat&oacute;ria e qual ser&aacute; o alcance da rede do governo na universaliza&ccedil;&atilde;o do acesso &agrave; internet em banda larga.<\/p>\n<p>A informa&ccedil;&atilde;o &eacute; do assessor de Inclus&atilde;o Digital da Presid&ecirc;ncia da Rep&uacute;blica, Nelson Akio Fujimoto, que participou na manh&atilde; desta quinta-feira (08\/04) de audi&ecirc;ncia p&uacute;blica na Comiss&atilde;o de Ci&ecirc;ncia e Tecnologia, Comunica&ccedil;&atilde;o e Inform&aacute;tica da C&acirc;mara.<\/p>\n<p>Segundo Fujimoto, ap&oacute;s a apresenta&ccedil;&atilde;o do plano, com o aval do presidente Luiz In&aacute;cio Lula da Silva, ser&aacute; iniciada uma etapa de discuss&otilde;es com a sociedade para viabilizar a implanta&ccedil;&atilde;o das a&ccedil;&otilde;es, que ter&atilde;o metas de curto (2010), m&eacute;dio (2012) e longo prazos (2014).<\/p>\n<p>Aos deputados da CCTCI, Fujimoto destacou que o objetivo geral do plano ser&aacute; ampliar o acesso &agrave; banda larga no Brasil para os cidad&atilde;os, institui&ccedil;&otilde;es do governo, entidades da sociedade e empresas, de modo a promover oportunidades, desconcentrar renda e incorporar os cidad&atilde;os hoje exclu&iacute;dos desse servi&ccedil;o.<\/p>\n<p>Ele destacou ainda a import&acirc;ncia de capacita&ccedil;&atilde;o da popula&ccedil;&atilde;o para o uso das novas ferramentas e informou que no sistema nacional de banda larga os ativos do governo dever&atilde;o ser utilizados de forma colaborativa para uso p&uacute;blico e privado.<\/p>\n<p>Segundo o assessor da Presid&ecirc;ncia, o Brasil tem hoje ativos da Eletronet, recuperados na Justi&ccedil;a, al&eacute;m de fibras da Eletrobr&aacute;s e, em alguns trechos, fibras da Petrobras. &ldquo;O importante &eacute; que todas essas fibras existem e o direito de passagem delas est&aacute; dispon&iacute;vel&rdquo;, completou. A meta, segundo ele, &eacute; reposicionar o Brasil no cen&aacute;rio mundial da banda larga, elevando a densidade e reduzindo o custo do acesso.<\/p>\n<p>O presidente do Serpro, Marcos Mazoni, que tamb&eacute;m participou do debate, destacou a import&acirc;ncia de se refor&ccedil;ar a infraestrutura de banda larga no pa&iacute;s, e disse que a nova rede vai possibilitar que os servi&ccedil;os p&uacute;blicos cheguem aos cidad&atilde;os.<\/p>\n<p>A deputada Luiza Erundina (PSB-SP), autora do requerimento de audi&ecirc;ncia p&uacute;blica, defendeu a atua&ccedil;&atilde;o do governo para reverter os baixos &iacute;ndices de acesso da popula&ccedil;&atilde;o &agrave; internet em banda larga. &ldquo;&Eacute; preciso descentralizar a presta&ccedil;&atilde;o desse servi&ccedil;o e ampliar o acesso reduzindo custos e aumentando a velocidade e a qualidade dos servi&ccedil;os&rdquo;, disse.<\/p>\n<p>Uma reuni&atilde;o de apresenta&ccedil;&atilde;o do plano ao Presidente Lula, iniciada tamb&eacute;m na manh&atilde; desta quinta-feira, acabou inviabilizando a participa&ccedil;&atilde;o do coordenador do Programa de Inclus&atilde;o Digital da Presid&ecirc;ncia da Rep&uacute;blica, Cezar Alvarez, e do secret&aacute;rio de Telecomunica&ccedil;&otilde;es do Minist&eacute;rio das Comunica&ccedil;&otilde;es, Roberto Pinto Martins, na audi&ecirc;ncia de hoje, que foi a segunda para debater o tema na CCTCI.<\/p>\n<p>Segundo o primeiro vice-presidente da Comiss&atilde;o, deputado Julio Semeghini (PSDB-SP), uma terceira audi&ecirc;ncia poder&aacute; ser agendada para que os deputados possam discutir o plano com o coordenador Cezar Alvarez.<\/p>\n<p>Tamb&eacute;m participaram da audi&ecirc;ncia de hoje o presidente da Abranet (Associa&ccedil;&atilde;o Brasileira de Internet), Eduardo Fumes Parajo; o gerente de Infraestrutura da TelComp, Luiz Henrique Barbosa da Silva; e o presidente da Associa&ccedil;&atilde;o Nacional para Inclus&atilde;o Digital (Anid), Percival Henriques de Souza Neto.<\/p>\n<p>O representante da TelComp criticou uma forte&nbsp;participa&ccedil;&atilde;o estatal no Plano, e defendeu o compartilhamento da infraestrutura j&aacute; existente como forma de fortalecer o ambiente competitivo. &ldquo;&Eacute; uma ilus&atilde;o achar que s&oacute; o setor p&uacute;blico vai conseguir&rdquo;, disse.<\/p>\n<p>Parajo, da&nbsp;Abranet, destacou a necessidade de levar, al&eacute;m do acesso &agrave; internet, o conhecimento aos cidad&atilde;os brasileiros ainda exclu&iacute;dos digitalmente. Segundo Parajo, a infraestrutura de aproximadamente 1700 provedores de acesso &agrave; internet espalhados pelo Brasil deveria ser aproveitada no plano do governo.<\/p>\n<p>O&nbsp;presidente da Anid tamb&eacute;m defendeu a participa&ccedil;&atilde;o de micro e pequenas empresas de base tecnol&oacute;gica, incluindo as lan houses. &ldquo;Os pequenos provedores de internet localizados no interior do Brasil precisam de est&iacute;mulo e reconhecimento&rdquo;, disse.<\/p>\n<p>J&aacute; o representante da Anatel destacou que a Ag&ecirc;ncia faz um acompanhamento constante das metas e cumprimento dos contratos pelas empresas de telecomunica&ccedil;&otilde;es, e que est&aacute; pronta para ajustar as regulamenta&ccedil;&otilde;es&nbsp;do setor no que for necess&aacute;rio para viabilizar as a&ccedil;&otilde;es do plano.<\/p>\n<p>Confira o <a href=\"http:\/\/imagem.camara.gov.br\/internet\/audio\/Resultado.asp?txtCodigo=00016660\" target=\"_blank\">&aacute;udio<\/a>  e as <a href=\"http:\/\/www2.camara.gov.br\/comissoes\/cctci\/Eventos\/apresentacoes\/ap-banda-larga-2a-parte-08-04-2010\/ap-8.4.10-banda-larga-2a-parte\" target=\"_blank\">apresenta&ccedil;&otilde;es<\/a>  da audi&ecirc;ncia p&uacute;blica.<\/p>\n","protected":false},"excerpt":{"rendered":"<p>O Plano Nacional de Banda Larga vai propor incentivos fiscais, uma pol&iacute;tica industrial para a produ&ccedil;&atilde;o nacional, a pol&iacute;tica regulat&oacute;ria e qual ser&aacute; o alcance da rede do governo na universaliza&ccedil;&atilde;o do acesso &agrave; internet em banda larga. A informa&ccedil;&atilde;o &eacute; do assessor de Inclus&atilde;o Digital da Presid&ecirc;ncia da Rep&uacute;blica, Nelson Akio Fujimoto, que participou &hellip; <a href=\"https:\/\/obscom.intervozes.org.br\/?p=24220\" class=\"more-link\">Continue lendo <span class=\"screen-reader-text\">Banda larga ter\u00e1 pol\u00edtica fiscal, industrial e regulat\u00f3ria<\/span> <span class=\"meta-nav\">&rarr;<\/span><\/a><\/p>\n","protected":false},"author":1,"featured_media":0,"comment_status":"open","ping_status":"open","sticky":false,"template":"","format":"standard","meta":{"footnotes":""},"categories":[40],"tags":[1123],"_links":{"self":[{"href":"https:\/\/obscom.intervozes.org.br\/index.php?rest_route=\/wp\/v2\/posts\/24220"}],"collection":[{"href":"https:\/\/obscom.intervozes.org.br\/index.php?rest_route=\/wp\/v2\/posts"}],"about":[{"href":"https:\/\/obscom.intervozes.org.br\/index.php?rest_route=\/wp\/v2\/types\/post"}],"author":[{"embeddable":true,"href":"https:\/\/obscom.intervozes.org.br\/index.php?rest_route=\/wp\/v2\/users\/1"}],"replies":[{"embeddable":true,"href":"https:\/\/obscom.intervozes.org.br\/index.php?rest_route=%2Fwp%2Fv2%2Fcomments&post=24220"}],"version-history":[{"count":0,"href":"https:\/\/obscom.intervozes.org.br\/index.php?rest_route=\/wp\/v2\/posts\/24220\/revisions"}],"wp:attachment":[{"href":"https:\/\/obscom.intervozes.org.br\/index.php?rest_route=%2Fwp%2Fv2%2Fmedia&parent=24220"}],"wp:term":[{"taxonomy":"category","embeddable":true,"href":"https:\/\/obscom.intervozes.org.br\/index.php?rest_route=%2Fwp%2Fv2%2Fcategories&post=24220"},{"taxonomy":"post_tag","embeddable":true,"href":"https:\/\/obscom.intervozes.org.br\/index.php?rest_route=%2Fwp%2Fv2%2Ftags&post=24220"}],"curies":[{"name":"wp","href":"https:\/\/api.w.org\/{rel}","templated":true}]}}