{"id":24219,"date":"2010-04-08T18:12:28","date_gmt":"2010-04-08T18:12:28","guid":{"rendered":"https:\/\/obscom.intervozes.org.br\/wordpress\/?p=24219"},"modified":"2010-04-08T18:12:28","modified_gmt":"2010-04-08T18:12:28","slug":"lideres-fecham-novo-acordo-para-votacao-do-pl-do-fust","status":"publish","type":"post","link":"https:\/\/obscom.intervozes.org.br\/?p=24219","title":{"rendered":"L\u00edderes fecham novo acordo para vota\u00e7\u00e3o do PL do Fust"},"content":{"rendered":"<p>   \t \t \t \t \t<!-- \t\t@page { margin: 2cm } \t\tP { margin-bottom: 0.21cm } \t--> \t  <\/p>\n<p style=\"margin-bottom: 0cm\" class=\"padrao\">Os l&iacute;deres dos partidos na C&acirc;mara fecharam ontem &agrave; noite novo acordo para vota&ccedil;&atilde;o do projeto de lei 1481\/07, que altera o uso do Fust (Fundo de Universaliza&ccedil;&atilde;o dos Servi&ccedil;os de Telecomunica&ccedil;&otilde;es) permitindo sua utiliza&ccedil;&atilde;o no financiamento da implementa&ccedil;&atilde;o de internet banda larga nas escolas p&uacute;blicas. A vota&ccedil;&atilde;o, contudo, somente dever&aacute; ocorrer na pr&oacute;xima semana, uma vez que os deputados debateram o projeto sobre ficha limpa durante toda a sess&atilde;o de ontem.<\/p>\n<p>Pelo acordo, os l&iacute;deres primeiro votar&atilde;o o pedido de urg&ecirc;ncia para o projeto, para depois votar a mat&eacute;ria. E prev&ecirc; a manuten&ccedil;&atilde;o da cria&ccedil;&atilde;o do comit&ecirc; gestor para o fundo, desde que seja coordenado pelo Minist&eacute;rio das Comunica&ccedil;&otilde;es, que &eacute; o respons&aacute;vel pela formula&ccedil;&atilde;o de pol&iacute;ticas p&uacute;blicas para o setor. Esse item era combatido pelos partidos de oposi&ccedil;&atilde;o, que viam o comit&ecirc; como um &lsquo;cabide de empregos&rsquo;.<\/p>\n<p>O acordo estabelece ainda que o comit&ecirc; seja institu&iacute;do por meio de decreto, que dever&aacute; incluir n&atilde;o s&oacute; os componentes, como tamb&eacute;m suas atividades e atribui&ccedil;&otilde;es. O texto a ser votado &eacute; o substitutivo da comiss&atilde;o especial que analisou a proposta, que foi relatado pelo deputado Paulo Henrique Lustosa (PMDB-CE).<\/p>\n<p>Caso seja aprovado, o projeto mudar&aacute; a destina&ccedil;&atilde;o de recursos do Fust para que eles possam ser usados para financiar programas, projetos e atividades de servi&ccedil;os de telecomunica&ccedil;&otilde;es prestados em regime privado, como o acesso &agrave; internet em banda larga. <\/p>\n<p>Atualmente, esses recursos s&oacute; podem ser usados por prestadoras p&uacute;blicas de servi&ccedil;o. Um exemplo da destina&ccedil;&atilde;o do Fust &eacute; a implementa&ccedil;&atilde;o do Plano de Metas para a Universaliza&ccedil;&atilde;o do Servi&ccedil;o Telef&ocirc;nico Fixo Comutado (PMU) em localidades com menos de 100 habitantes. Nesses vilarejos, cabe ao governo instalar orelh&otilde;es com recursos do fundo. Em locais com at&eacute; 600 habitantes, o Fust &eacute; usado para financiar a instala&ccedil;&atilde;o de telefones residenciais. <\/p>\n<p>O fundo &eacute; formado pela contribui&ccedil;&atilde;o de empresas prestadoras de servi&ccedil;os de telecomunica&ccedil;&otilde;es, de 1% de sua receita operacional mensal com a presta&ccedil;&atilde;o de servi&ccedil;os. A arrecada&ccedil;&atilde;o &eacute; de cerca de R$ 800 milh&otilde;es por ano.<\/p>\n","protected":false},"excerpt":{"rendered":"<p>Os l&iacute;deres dos partidos na C&acirc;mara fecharam ontem &agrave; noite novo acordo para vota&ccedil;&atilde;o do projeto de lei 1481\/07, que altera o uso do Fust (Fundo de Universaliza&ccedil;&atilde;o dos Servi&ccedil;os de Telecomunica&ccedil;&otilde;es) permitindo sua utiliza&ccedil;&atilde;o no financiamento da implementa&ccedil;&atilde;o de internet banda larga nas escolas p&uacute;blicas. A vota&ccedil;&atilde;o, contudo, somente dever&aacute; ocorrer na pr&oacute;xima semana, &hellip; <a href=\"https:\/\/obscom.intervozes.org.br\/?p=24219\" class=\"more-link\">Continue lendo <span class=\"screen-reader-text\">L\u00edderes fecham novo acordo para vota\u00e7\u00e3o do PL do Fust<\/span> <span class=\"meta-nav\">&rarr;<\/span><\/a><\/p>\n","protected":false},"author":1,"featured_media":0,"comment_status":"open","ping_status":"open","sticky":false,"template":"","format":"standard","meta":{"footnotes":""},"categories":[40],"tags":[1089],"_links":{"self":[{"href":"https:\/\/obscom.intervozes.org.br\/index.php?rest_route=\/wp\/v2\/posts\/24219"}],"collection":[{"href":"https:\/\/obscom.intervozes.org.br\/index.php?rest_route=\/wp\/v2\/posts"}],"about":[{"href":"https:\/\/obscom.intervozes.org.br\/index.php?rest_route=\/wp\/v2\/types\/post"}],"author":[{"embeddable":true,"href":"https:\/\/obscom.intervozes.org.br\/index.php?rest_route=\/wp\/v2\/users\/1"}],"replies":[{"embeddable":true,"href":"https:\/\/obscom.intervozes.org.br\/index.php?rest_route=%2Fwp%2Fv2%2Fcomments&post=24219"}],"version-history":[{"count":0,"href":"https:\/\/obscom.intervozes.org.br\/index.php?rest_route=\/wp\/v2\/posts\/24219\/revisions"}],"wp:attachment":[{"href":"https:\/\/obscom.intervozes.org.br\/index.php?rest_route=%2Fwp%2Fv2%2Fmedia&parent=24219"}],"wp:term":[{"taxonomy":"category","embeddable":true,"href":"https:\/\/obscom.intervozes.org.br\/index.php?rest_route=%2Fwp%2Fv2%2Fcategories&post=24219"},{"taxonomy":"post_tag","embeddable":true,"href":"https:\/\/obscom.intervozes.org.br\/index.php?rest_route=%2Fwp%2Fv2%2Ftags&post=24219"}],"curies":[{"name":"wp","href":"https:\/\/api.w.org\/{rel}","templated":true}]}}