{"id":24217,"date":"2010-04-08T18:10:28","date_gmt":"2010-04-08T18:10:28","guid":{"rendered":"https:\/\/obscom.intervozes.org.br\/wordpress\/?p=24217"},"modified":"2010-04-08T18:10:28","modified_gmt":"2010-04-08T18:10:28","slug":"batalha-politica-atrasa-votacao-da-nova-lei-do-fust","status":"publish","type":"post","link":"https:\/\/obscom.intervozes.org.br\/?p=24217","title":{"rendered":"Batalha pol\u00edtica atrasa vota\u00e7\u00e3o da nova Lei do Fust"},"content":{"rendered":"<p>   \t \t \t \t \t<!-- \t\t@page { margin: 2cm } \t\tP { margin-bottom: 0.21cm } \t--> \t  <\/p>\n<p style=\"margin-bottom: 0cm\" class=\"padrao\"><span class=\"padrao\">Quando o PL 1.481\/2007, mais conhecido como nova Lei do Fust, foi inclu&iacute;do na lista de prioridades de vota&ccedil;&atilde;o no Plen&aacute;rio da C&acirc;mara dos Deputados, a perspectiva era de que o projeto teria uma aprova&ccedil;&atilde;o r&aacute;pida e tranq&uuml;ila, j&aacute; que era um dos poucos a contar com acordo para delibera&ccedil;&atilde;o. Tr&ecirc;s semanas depois da consolida&ccedil;&atilde;o da pauta priorit&aacute;ria, o projeto continua esperando ser aprovado e uma pol&ecirc;mica acabou surgindo durante as negocia&ccedil;&otilde;es para efetivar a vota&ccedil;&atilde;o. <\/p>\n<p>A confus&atilde;o em torno do projeto est&aacute; em uma emenda de Plen&aacute;rio apresentada pela lideran&ccedil;a do governo. Essa emenda cria um Comit&ecirc; Gestor do Fust, &oacute;rg&atilde;o que ser&aacute; respons&aacute;vel pela avalia&ccedil;&atilde;o de projetos e destina&ccedil;&atilde;o das verbas arrecadadas para a universaliza&ccedil;&atilde;o. Acontece que a oposi&ccedil;&atilde;o n&atilde;o gostou nada da ideia. <\/p>\n<p>A cr&iacute;tica oposicionista &eacute; que o governo pode estar criando mais um &quot;cabide de empregos&quot; com a consolida&ccedil;&atilde;o do comit&ecirc;. Para os deputados contr&aacute;rios &agrave; proposta, n&atilde;o seria necess&aacute;ria a exist&ecirc;ncia de um grupo gestor j&aacute; que Minist&eacute;rio das Comunica&ccedil;&otilde;es e Anatel dividem a responsabilidade pelo fundo &#8211; o primeiro criando pol&iacute;ticas para aplica&ccedil;&atilde;o dos recursos e o segundo, executando a libera&ccedil;&atilde;o das verbas. <\/p>\n<p>A emenda, segundo o relator Paulo Henrique Lustosa (PMDB\/CE), &eacute; a &uacute;nica pol&ecirc;mica em torno do projeto neste momento. Mas, ainda assim, n&atilde;o deve ser subestimada. Os projetos priorit&aacute;rios n&atilde;o t&ecirc;m sido deliberados na velocidade esperada pelo Col&eacute;gio de L&iacute;deres Partid&aacute;rios &#8211; era para todos serem aprovados at&eacute; a semana passada. <\/p>\n<p>O governo tem demonstrado grande interesse na aprova&ccedil;&atilde;o do PL 1.481 e garantiu nesta ter&ccedil;a-feira, 6, que a proposta estar&aacute; em pauta novamente na sess&atilde;o de amanh&atilde;. O interesse est&aacute; no fato de o projeto flexibilizar a aplica&ccedil;&atilde;o do Fust, hoje restrito ao financiamento da universaliza&ccedil;&atilde;o do servi&ccedil;o prestado em regime p&uacute;blico (telefonia fixa) pelas concession&aacute;rias. Com o projeto aprovado, o Fust poder&aacute; financiar qualquer servi&ccedil;o de telecomunica&ccedil;&otilde;es, inclusive programas de massifica&ccedil;&atilde;o de banda larga. Assim, o governo espera a mudan&ccedil;a na lei para garantir o financiamento do seu Plano Nacional de Banda Larga (PNBL), que ficou de fora da segunda etapa do Programa de Acelera&ccedil;&atilde;o do Crescimento (PAC 2) exatamente por n&atilde;o dispor de recursos or&ccedil;ament&aacute;rios previstos. <\/p>\n<p>Para tentar pacificar a vota&ccedil;&atilde;o, o relator da proposta pode rejeitar a emenda do governo e deixar que a bancada fa&ccedil;a um &quot;destaque&quot; da proposta. Caso isso ocorra, o destaque iria para vota&ccedil;&atilde;o separada do chamado &quot;texto-base&quot; e oposi&ccedil;&atilde;o e governo decidiriam no voto se haver&aacute; ou n&atilde;o um conselho gestor. Lustosa n&atilde;o confirmou se a estrat&eacute;gia ser&aacute; usada e disse a este notici&aacute;rio que ainda est&aacute; negociando um acordo.<\/span><\/p>\n","protected":false},"excerpt":{"rendered":"<p>Quando o PL 1.481\/2007, mais conhecido como nova Lei do Fust, foi inclu&iacute;do na lista de prioridades de vota&ccedil;&atilde;o no Plen&aacute;rio da C&acirc;mara dos Deputados, a perspectiva era de que o projeto teria uma aprova&ccedil;&atilde;o r&aacute;pida e tranq&uuml;ila, j&aacute; que era um dos poucos a contar com acordo para delibera&ccedil;&atilde;o. Tr&ecirc;s semanas depois da consolida&ccedil;&atilde;o &hellip; <a href=\"https:\/\/obscom.intervozes.org.br\/?p=24217\" class=\"more-link\">Continue lendo <span class=\"screen-reader-text\">Batalha pol\u00edtica atrasa vota\u00e7\u00e3o da nova Lei do Fust<\/span> <span class=\"meta-nav\">&rarr;<\/span><\/a><\/p>\n","protected":false},"author":1,"featured_media":0,"comment_status":"open","ping_status":"open","sticky":false,"template":"","format":"standard","meta":{"footnotes":""},"categories":[40],"tags":[1089],"_links":{"self":[{"href":"https:\/\/obscom.intervozes.org.br\/index.php?rest_route=\/wp\/v2\/posts\/24217"}],"collection":[{"href":"https:\/\/obscom.intervozes.org.br\/index.php?rest_route=\/wp\/v2\/posts"}],"about":[{"href":"https:\/\/obscom.intervozes.org.br\/index.php?rest_route=\/wp\/v2\/types\/post"}],"author":[{"embeddable":true,"href":"https:\/\/obscom.intervozes.org.br\/index.php?rest_route=\/wp\/v2\/users\/1"}],"replies":[{"embeddable":true,"href":"https:\/\/obscom.intervozes.org.br\/index.php?rest_route=%2Fwp%2Fv2%2Fcomments&post=24217"}],"version-history":[{"count":0,"href":"https:\/\/obscom.intervozes.org.br\/index.php?rest_route=\/wp\/v2\/posts\/24217\/revisions"}],"wp:attachment":[{"href":"https:\/\/obscom.intervozes.org.br\/index.php?rest_route=%2Fwp%2Fv2%2Fmedia&parent=24217"}],"wp:term":[{"taxonomy":"category","embeddable":true,"href":"https:\/\/obscom.intervozes.org.br\/index.php?rest_route=%2Fwp%2Fv2%2Fcategories&post=24217"},{"taxonomy":"post_tag","embeddable":true,"href":"https:\/\/obscom.intervozes.org.br\/index.php?rest_route=%2Fwp%2Fv2%2Ftags&post=24217"}],"curies":[{"name":"wp","href":"https:\/\/api.w.org\/{rel}","templated":true}]}}