{"id":24215,"date":"2010-04-08T16:53:51","date_gmt":"2010-04-08T16:53:51","guid":{"rendered":"https:\/\/obscom.intervozes.org.br\/wordpress\/?p=24215"},"modified":"2014-09-07T02:59:42","modified_gmt":"2014-09-07T02:59:42","slug":"canal-cidadania-pode-incentivar-criacao-de-conselhos-de-comunicacao","status":"publish","type":"post","link":"https:\/\/obscom.intervozes.org.br\/?p=24215","title":{"rendered":"Canal Cidadania pode incentivar cria\u00e7\u00e3o de conselhos de comunica\u00e7\u00e3o"},"content":{"rendered":"<p>   \t \t \t \t \t<!-- \t\t@page { margin: 2cm } \t\tP { margin-bottom: 0.21cm } \t--> \t  <\/p>\n<p style=\"margin-bottom: 0cm\" class=\"padrao\">A Portaria 198\/2010 do Minist&eacute;rio das Comunica&ccedil;&otilde;es, publicada uma semana antes do desligamento do ent&atilde;o ministro H&eacute;lio Costa da pasta, esbo&ccedil;a o que dever&aacute; ser o Canal Cidadania. Um entre os quatro canais p&uacute;blicos previstos no Decreto 5.820\/2006, que estabeleceu as bases do Sistema Brasileiro de Televis&atilde;o Digital (SBTVD), a proposta apresentada s&oacute; agora para o canal prev&ecirc; que sua opera&ccedil;&atilde;o se d&ecirc; de forma municipalizada, indicando inclusive que a gest&atilde;o do canal seria feita atrav&eacute;s de conselhos municipais de comunica&ccedil;&atilde;o.<\/p>\n<p>A avalia&ccedil;&atilde;o inicial de algumas entidades &eacute; que as diretrizes apontam id&eacute;ias interessantes em rela&ccedil;&atilde;o &agrave; descentraliza&ccedil;&atilde;o e participa&ccedil;&atilde;o social na gest&atilde;o do canal, mas ao mesmo tempo um cen&aacute;rio confuso para que o Canal Cidadania entre de fato no ar. De um lado, a implanta&ccedil;&atilde;o do Operador de Rede Digital P&uacute;blica, projeto em fase de licita&ccedil;&atilde;o que permitir&aacute; levar os canais de TV p&uacute;blicos &#8211; TV Brasil, TV Senado, TV C&acirc;mara, TV Justi&ccedil;a o Canal da Educa&ccedil;&atilde;o e o Cidadania &ndash; a todo o territ&oacute;rio nacional, cria condi&ccedil;&otilde;es t&eacute;cnicas para que o canal &agrave; cargo do Minicom saia do papel. Por&eacute;m, as diretrizes definidas na portaria acabam misturando id&eacute;ias de comunica&ccedil;&atilde;o comunit&aacute;ria e fun&ccedil;&otilde;es j&aacute; cumpridas pelas emissoras educativas estaduais. <\/p>\n<p>Para al&eacute;m da opera&ccedil;&atilde;o do canal em si, o grande destaque das diretrizes definidas na portaria &eacute; a exig&ecirc;ncia de que o Canal Cidadania esteja subordinado a conselhos de comunica&ccedil;&atilde;o locais. Al&eacute;m de refor&ccedil;ar a no&ccedil;&atilde;o de que o canal tomaria parte de um sistema p&uacute;blico de comunica&ccedil;&atilde;o, a iniciativa tende a incentivar a forma&ccedil;&atilde;o de um sistema de conselhos, uma das resolu&ccedil;&otilde;es da 1&ordf; Confer&ecirc;ncia Nacional de Comunica&ccedil;&atilde;o (Confecom) apontada como pauta urgente pelas entidades da sociedade civil (<a href=\"http:\/\/localhost\/intervozes_direitoacomunicacao\/wordpress\/?p=23924\">Veja tamb&eacute;m: Conselho de Comunica&ccedil;&atilde;o &eacute; pauta un&acirc;nime entre organiza&ccedil;&otilde;es<\/a>). <\/p>\n<p>Rosane Bertotti, secret&aacute;ria Nacional de Comunica&ccedil;&atilde;o da Central &Uacute;nica de Trabalhadores (CUT), sa&uacute;da a medida, mas acredita que falta articula&ccedil;&atilde;o mais direta do Canal com as propostas da Confecom, em especial no ponto dos conselhos. &ldquo;N&atilde;o achamos que tem ter um conselho s&oacute; para o Canal Cidadania. Precisamos de um conselho para a pol&iacute;tica de comunica&ccedil;&atilde;o do munic&iacute;pio, apto a discutir verbas p&uacute;blicas, as TVs comerciais e o tratamento as minorias e movimentos sociais&rdquo;, diz Rosane.&nbsp;<\/p>\n<p>A indica&ccedil;&atilde;o da cria&ccedil;&atilde;o do conselho tamb&eacute;m &eacute; avaliada positivamente por Jonas Valente, membro do Intervozes &#8211; Coletivo Brasil de Comunica&ccedil;&atilde;o Social, que aponta alguns &ldquo;desafios priorit&aacute;rios&rdquo;. &ldquo; Para come&ccedil;ar, &eacute; preciso garantir uma forma participativa de indica&ccedil;&atilde;o dos membros dos conselhos. A experi&ecirc;ncia brasileira demonstra que se n&atilde;o tiver processo de indica&ccedil;&atilde;o democr&aacute;tica, o espa&ccedil;o p&uacute;blico ser&aacute; controlado pelas elites pol&iacute;ticas&rdquo;, comenta.<\/p>\n<p>Valente tamb&eacute;m aponta a necessidade do conselho fixar diretrizes pol&iacute;ticas e editoriais para o Canal Cidadania, a fim de garantir comprometimento com os objetivos tra&ccedil;ados para a programa&ccedil;&atilde;o. Entre estes objetivos apontados nas diretrizes est&atilde;o a diversidades de g&ecirc;nero e &eacute;tnico racial; o incentivo &agrave; produ&ccedil;&atilde;o local, regional e independente; a promo&ccedil;&atilde;o do direito &agrave; comunica&ccedil;&atilde;o e dos demais direitos humanos e sociais.<\/p>\n<p>Outro ponto destacado pelo membro do Intervozes &eacute; possibilidade de o canal ser usado para o desenvolvimento do governo eletr&ocirc;nico. Um dos artigos da portaria trata, exatamente, da oferta de aplica&ccedil;&otilde;es que permitam o acesso a servi&ccedil;os p&uacute;blicos oferecidos por munic&iacute;pios, estados e pelo governo federal. Segundo Valente, o Canal Cidania pode promover experi&ecirc;ncias de interatividade em prol da participa&ccedil;&atilde;o social na condu&ccedil;&atilde;o das pol&iacute;ticas em estados e munic&iacute;pios, via consultas &agrave; popula&ccedil;&atilde;o. Isso daria transpar&ecirc;ncia aos processos governamentais e pode permitir at&eacute; delibera&ccedil;&otilde;es com participa&ccedil;&atilde;o direta da sociedade na gest&atilde;o p&uacute;blica.<\/p>\n<p><strong>Confus&otilde;es operacionais<\/strong><\/p>\n<p>A presidente da Associa&ccedil;&atilde;o Brasileira de Emissoras P&uacute;blicas, Educativas e Culturais (Abepec), Regina Lima, avalia que falta clareza na operacionaliza&ccedil;&atilde;o dos canais nos estados e munic&iacute;pios. Ela acredita que as diretrizes acabam apontando para o Canal Cidadania fun&ccedil;&otilde;es que j&aacute; s&atilde;o cumpridas pelas emissoras educativas, mas que esta falta de clareza operacional n&atilde;o permite visualizar como e se as filiadas da Abepec v&atilde;o se encaixar na sua gest&atilde;o ou programa&ccedil;&atilde;o. Para Regina, estas incertezas sobre a participa&ccedil;&atilde;o das emissoras educativas n&atilde;o se d&aacute; apenas em rela&ccedil;&atilde;o ao Canal Cidadania, mas se estende a todo o projeto de rede digital de canais p&uacute;blicos.<\/p>\n<p>J&aacute; as TVs comunit&aacute;rias v&ecirc;em na Portaria 189 a confirma&ccedil;&atilde;o de que o governo n&atilde;o prev&ecirc; a abertura de espa&ccedil;o para estas emissoras no espectro aberto. Nas palavras de Paulo Miranda, vice-presidente da Associa&ccedil;&atilde;o Brasileira de Canais Comunit&aacute;rios (ABCCom) as normas do Canal Cidadania retificam a avalia&ccedil;&atilde;o da entidade de que &ldquo;as TVs comunit&aacute;rias est&atilde;o ficando de fora da TV digital&rdquo;. <\/p>\n<p>Miranda, por&eacute;m, acha que a batalha n&atilde;o est&aacute; perdida e aponta duas possibilidades para atenuar o quadro. A primeira &eacute; que as TVs comunit&aacute;rias, nas cidades em que estiverem funcionando, assumam a gest&atilde;o do Canal Cidadania. Esta alternativa n&atilde;o est&aacute; prevista explicitamente nas diretrizes, mas poderia ser negociada na operacionaliza&ccedil;&atilde;o do Cidadania. A segunda &eacute; a abertura de mais um canal na frequ&ecirc;ncia exclusivo para as TVs comunit&aacute;rias na rede digital p&uacute;blica. Miranda tamb&eacute;m n&atilde;o descarta o caminho das emissoras comunit&aacute;rias participarem dos Conselhos do Canal Cidadania.<\/p>\n<p><strong>P&uacute;blico e estatal <\/strong><\/p>\n<p>Tanto a ABCCom, como a Abepec v&ecirc;em nas diretrizes do Canal Cidadania uma aproxima&ccedil;&atilde;o com os projetos de suas associadas. Miranda ressalta que os vetos ao proselitismo religioso e veicula&ccedil;&atilde;o de publicidade comercial de qualquer natureza &ldquo;iguala&rdquo; o car&aacute;ter dos projetos das associadas da ABCCom e a emissora a cargo do Minicom. J&aacute; a presidente da Abepec, Regina Lima, diz que h&aacute; &ldquo;repeti&ccedil;&atilde;o do que as emissoras estaduais j&aacute; fazem em sua grade de programa&ccedil;&atilde;o&rdquo;. At&eacute; mesmo em rela&ccedil;&atilde;o a cria&ccedil;&atilde;o de conselhos locais, a Abepec compreende que suas associadas podem responder a essa demanda com o fortalecimento dos Conselhos Curadores. De qualquer maneira, Regina endossa que as diretrizes para o Canal Cidadania refor&ccedil;a a necessidade de participa&ccedil;&atilde;o social nas emissoras.<\/p>\n<p>Para Jonas Valente, do Intervozes, o problema est&aacute; na origem do decreto da TV digital que colocou para o Canal Cidadania caracter&iacute;sticas dos sistema estatal &ndash; por ser um canal de gest&atilde;o da Uni&atilde;o &ndash; e p&uacute;blico &ndash; por fazer uma aproxima&ccedil;&atilde;o, por analogia, entre o canal e as emissoras comunit&aacute;rias, mais protegidas da inger&ecirc;ncia do poder estatal.  <\/p>\n","protected":false},"excerpt":{"rendered":"<p>A Portaria 198\/2010 do Minist&eacute;rio das Comunica&ccedil;&otilde;es, publicada uma semana antes do desligamento do ent&atilde;o ministro H&eacute;lio Costa da pasta, esbo&ccedil;a o que dever&aacute; ser o Canal Cidadania. Um entre os quatro canais p&uacute;blicos previstos no Decreto 5.820\/2006, que estabeleceu as bases do Sistema Brasileiro de Televis&atilde;o Digital (SBTVD), a proposta apresentada s&oacute; agora para &hellip; <a href=\"https:\/\/obscom.intervozes.org.br\/?p=24215\" class=\"more-link\">Continue lendo <span class=\"screen-reader-text\">Canal Cidadania pode incentivar cria\u00e7\u00e3o de conselhos de comunica\u00e7\u00e3o<\/span> <span class=\"meta-nav\">&rarr;<\/span><\/a><\/p>\n","protected":false},"author":1,"featured_media":0,"comment_status":"open","ping_status":"open","sticky":false,"template":"","format":"standard","meta":{"footnotes":""},"categories":[40],"tags":[1290],"_links":{"self":[{"href":"https:\/\/obscom.intervozes.org.br\/index.php?rest_route=\/wp\/v2\/posts\/24215"}],"collection":[{"href":"https:\/\/obscom.intervozes.org.br\/index.php?rest_route=\/wp\/v2\/posts"}],"about":[{"href":"https:\/\/obscom.intervozes.org.br\/index.php?rest_route=\/wp\/v2\/types\/post"}],"author":[{"embeddable":true,"href":"https:\/\/obscom.intervozes.org.br\/index.php?rest_route=\/wp\/v2\/users\/1"}],"replies":[{"embeddable":true,"href":"https:\/\/obscom.intervozes.org.br\/index.php?rest_route=%2Fwp%2Fv2%2Fcomments&post=24215"}],"version-history":[{"count":1,"href":"https:\/\/obscom.intervozes.org.br\/index.php?rest_route=\/wp\/v2\/posts\/24215\/revisions"}],"predecessor-version":[{"id":28097,"href":"https:\/\/obscom.intervozes.org.br\/index.php?rest_route=\/wp\/v2\/posts\/24215\/revisions\/28097"}],"wp:attachment":[{"href":"https:\/\/obscom.intervozes.org.br\/index.php?rest_route=%2Fwp%2Fv2%2Fmedia&parent=24215"}],"wp:term":[{"taxonomy":"category","embeddable":true,"href":"https:\/\/obscom.intervozes.org.br\/index.php?rest_route=%2Fwp%2Fv2%2Fcategories&post=24215"},{"taxonomy":"post_tag","embeddable":true,"href":"https:\/\/obscom.intervozes.org.br\/index.php?rest_route=%2Fwp%2Fv2%2Ftags&post=24215"}],"curies":[{"name":"wp","href":"https:\/\/api.w.org\/{rel}","templated":true}]}}