{"id":24197,"date":"2010-04-05T10:07:41","date_gmt":"2010-04-05T10:07:41","guid":{"rendered":"https:\/\/obscom.intervozes.org.br\/wordpress\/?p=24197"},"modified":"2010-04-05T10:07:41","modified_gmt":"2010-04-05T10:07:41","slug":"defesa-do-consumidor-discute-reativacao-da-telebras","status":"publish","type":"post","link":"https:\/\/obscom.intervozes.org.br\/?p=24197","title":{"rendered":"Defesa do Consumidor discute reativa\u00e7\u00e3o da Telebr\u00e1s"},"content":{"rendered":"<p> \t<!-- \t\t@page { margin: 2cm } \t\tP { margin-bottom: 0.21cm } \t--> \t <\/p>\n<p style=\"margin-bottom: 0cm\" class=\"western\"><strong><span class=\"padrao\">Reproduzido da Ag&ecirc;ncia C&acirc;mara <\/span><\/strong><\/p>\n<p style=\"margin-bottom: 0cm\" class=\"western\">&nbsp;<\/p>\n<p style=\"margin-bottom: 0cm\" class=\"padrao\">A Comiss&atilde;o de Defesa do Consumidor realiza audi&ecirc;ncia p&uacute;blica nesta ter&ccedil;a-feira (6) para discutir a situa&ccedil;&atilde;o atual da Telebras, sob o ponto de vista de seus acionistas e dos usu&aacute;rios dos servi&ccedil;os de telecomunica&ccedil;&otilde;es. A audi&ecirc;ncia ser&aacute; realizada &agrave;s 15 horas. O local ainda n&atilde;o foi definido.<\/p>\n<p>A audi&ecirc;ncia foi proposta pelo deputado &Iacute;ndio Da Costa (DEM-RJ). Ele citou informa&ccedil;&otilde;es veiculadas pela imprensa segundo as quais as a&ccedil;&otilde;es da Telebr&aacute;s valorizaram 35.000% no atual governo. &ldquo;Essa acentuada valoriza&ccedil;&atilde;o teria sido provocada por rumores e vazamento de informa&ccedil;&otilde;es privilegiadas sobre a cria&ccedil;&atilde;o de uma estatal para comercializar servi&ccedil;os de acesso &agrave; banda larga. O governo federal vem reiteradamente confirmando o interesse em recuperar a estatal Telebr&aacute;s para levar a presta&ccedil;&atilde;o de servi&ccedil;os de internet por banda larga. No entanto, as not&iacute;cias sobre a reestatiza&ccedil;&atilde;o da empresa n&atilde;o s&atilde;o oficiais, o que pode ter gerado uma valoriza&ccedil;&atilde;o falsa de suas a&ccedil;&otilde;es.<\/p>\n<p>O deputado tamb&eacute;m cita reportagem publicada pela Folha de S.Paulo segundo a qual &quot;o ex-ministro Jos&eacute; Dirceu recebeu pelo menos R$ 620 mil do principal grupo empresarial privado que ser&aacute; beneficiado caso a Telebr&aacute;s seja reativada&rdquo;.<\/p>\n<p>Foram convidados: <br \/>&#8211; a ministra-chefe da Casa Civil, Erenice Guerra; <br \/>&#8211; o representante do Minist&eacute;rio das Comunica&ccedil;&otilde;es Roberto Pinto Martins; <br \/>&#8211; o presidente da Telebr&aacute;s, Jorge a Motta e Silva; <br \/>&#8211; o secret&aacute;rio de Log&iacute;stica e Tecnologia da Informa&ccedil;&atilde;o do Minist&eacute;rio do Planejamento, Rog&eacute;rio Santanna dos Santos;<br \/>&#8211; o propriet&aacute;rio da Star Overseas, Nelson dos Santos; <br \/>&#8211; a presidenta da Comiss&atilde;o de Valores Mobili&aacute;rios (CVM), Maria Helena Santana;<\/p>\n","protected":false},"excerpt":{"rendered":"<p>Reproduzido da Ag&ecirc;ncia C&acirc;mara &nbsp; A Comiss&atilde;o de Defesa do Consumidor realiza audi&ecirc;ncia p&uacute;blica nesta ter&ccedil;a-feira (6) para discutir a situa&ccedil;&atilde;o atual da Telebras, sob o ponto de vista de seus acionistas e dos usu&aacute;rios dos servi&ccedil;os de telecomunica&ccedil;&otilde;es. A audi&ecirc;ncia ser&aacute; realizada &agrave;s 15 horas. O local ainda n&atilde;o foi definido. A audi&ecirc;ncia foi &hellip; <a href=\"https:\/\/obscom.intervozes.org.br\/?p=24197\" class=\"more-link\">Continue lendo <span class=\"screen-reader-text\">Defesa do Consumidor discute reativa\u00e7\u00e3o da Telebr\u00e1s<\/span> <span class=\"meta-nav\">&rarr;<\/span><\/a><\/p>\n","protected":false},"author":1,"featured_media":0,"comment_status":"open","ping_status":"open","sticky":false,"template":"","format":"standard","meta":{"footnotes":""},"categories":[39],"tags":[],"_links":{"self":[{"href":"https:\/\/obscom.intervozes.org.br\/index.php?rest_route=\/wp\/v2\/posts\/24197"}],"collection":[{"href":"https:\/\/obscom.intervozes.org.br\/index.php?rest_route=\/wp\/v2\/posts"}],"about":[{"href":"https:\/\/obscom.intervozes.org.br\/index.php?rest_route=\/wp\/v2\/types\/post"}],"author":[{"embeddable":true,"href":"https:\/\/obscom.intervozes.org.br\/index.php?rest_route=\/wp\/v2\/users\/1"}],"replies":[{"embeddable":true,"href":"https:\/\/obscom.intervozes.org.br\/index.php?rest_route=%2Fwp%2Fv2%2Fcomments&post=24197"}],"version-history":[{"count":0,"href":"https:\/\/obscom.intervozes.org.br\/index.php?rest_route=\/wp\/v2\/posts\/24197\/revisions"}],"wp:attachment":[{"href":"https:\/\/obscom.intervozes.org.br\/index.php?rest_route=%2Fwp%2Fv2%2Fmedia&parent=24197"}],"wp:term":[{"taxonomy":"category","embeddable":true,"href":"https:\/\/obscom.intervozes.org.br\/index.php?rest_route=%2Fwp%2Fv2%2Fcategories&post=24197"},{"taxonomy":"post_tag","embeddable":true,"href":"https:\/\/obscom.intervozes.org.br\/index.php?rest_route=%2Fwp%2Fv2%2Ftags&post=24197"}],"curies":[{"name":"wp","href":"https:\/\/api.w.org\/{rel}","templated":true}]}}