{"id":24160,"date":"2010-03-26T12:28:08","date_gmt":"2010-03-26T12:28:08","guid":{"rendered":"https:\/\/obscom.intervozes.org.br\/wordpress\/?p=24160"},"modified":"2010-03-26T12:28:08","modified_gmt":"2010-03-26T12:28:08","slug":"lideres-querem-que-pl-do-fust-ganhe-urgencia-no-plenario","status":"publish","type":"post","link":"https:\/\/obscom.intervozes.org.br\/?p=24160","title":{"rendered":"L\u00edderes querem que PL do Fust ganhe &#8220;urg\u00eancia&#8221; no Plen\u00e1rio"},"content":{"rendered":"<p><span class=\"padrao\">Os l&iacute;deres do PT, PP, PR, PMDB e PTB apresentaram nesta semana um requerimento para que o PL 1.481\/2007, mais conhecido como nova lei do Fust, seja analisado pelo Plen&aacute;rio em regime de urg&ecirc;ncia. O pedido foi registrado formalmente na &uacute;ltima ter&ccedil;a-feira, 23, e quase foi votado no mesmo dia, mas um impasse entre deputados inviabilizou a an&aacute;lise. O deputado Miro Teixeira (PDT\/RJ) protestou contra a ideia de uma vota&ccedil;&atilde;o r&aacute;pida do projeto que, para ele, deveria ser debatido com mais profundidade dada a import&acirc;ncia da proposta &#8211; que amplia as possibilidades de aplica&ccedil;&atilde;o do Fust.<\/p>\n<p>Ontem o requerimento voltou a ser discutido e, novamente, n&atilde;o houve acordo sobre a proposta. Desta vez, foi o PSDB quem pediu que as emendas do governo ao projeto fossem discutidas um pouco mais. Segundo fontes parlamentares, o principal gerador de d&uacute;vidas &eacute; a cria&ccedil;&atilde;o de um conselho gestor do fundo de universaliza&ccedil;&atilde;o das telecomunica&ccedil;&otilde;es.<\/p>\n<p>Uma proposta de acordo para que o projeto seja votado no in&iacute;cio da pr&oacute;xima semana foi apresentada pelo l&iacute;der do governo, C&acirc;ndido Vaccarezza (PT\/SP) nessa quarta, 24. A combina&ccedil;&atilde;o, por enquanto, &eacute; que os deputados dediquem-se &agrave; vota&ccedil;&atilde;o de dois projetos de lei na sess&atilde;o de ter&ccedil;a-feira: o PL do Fust e a proposta sobre documentos sigilosos. O acordo garantiu a vota&ccedil;&atilde;o de uma medida provis&oacute;ria na sess&atilde;o de ontem, mas os pr&oacute;prios deputados ainda t&ecirc;m d&uacute;vidas se o acerto continuar&aacute; de p&eacute; na pr&oacute;xima semana.<\/p>\n<p>O PL do Fust foi republicado na quarta-feira para que fosse inserido mais um projeto entre os documentos apensados. Trata-se do projeto de lei 6.585\/2009, de autoria do senador Flexa Ribeiro (PSDB\/PA), que tamb&eacute;m trata do uso do fundo de universaliza&ccedil;&atilde;o. A anexa&ccedil;&atilde;o da proposta ao PL 1.481 teria sido acertada entre o pr&oacute;prio senador e o relator da proposta pronta para vota&ccedil;&atilde;o, deputado Paulo Henrique Lustosa (PMDB\/CE).<\/p>\n<p>A nova lei do Fust faz parte da lista de prioridades do governo federal, que aposta na flexibiliza&ccedil;&atilde;o das regras de aplica&ccedil;&atilde;o do fundo para financiar o Plano Nacional de Banda Larga (PNBL), em gesta&ccedil;&atilde;o. Na semana passada, o col&eacute;gio de l&iacute;deres partid&aacute;rios concordou em incluir o projeto na lista de mat&eacute;rias priorit&aacute;rias para vota&ccedil;&atilde;o no Plen&aacute;rio, que devem ser deliberadas at&eacute; o fim da pr&oacute;xima semana.<br \/><\/span><\/p>\n","protected":false},"excerpt":{"rendered":"<p>Os l&iacute;deres do PT, PP, PR, PMDB e PTB apresentaram nesta semana um requerimento para que o PL 1.481\/2007, mais conhecido como nova lei do Fust, seja analisado pelo Plen&aacute;rio em regime de urg&ecirc;ncia. O pedido foi registrado formalmente na &uacute;ltima ter&ccedil;a-feira, 23, e quase foi votado no mesmo dia, mas um impasse entre deputados &hellip; <a href=\"https:\/\/obscom.intervozes.org.br\/?p=24160\" class=\"more-link\">Continue lendo <span class=\"screen-reader-text\">L\u00edderes querem que PL do Fust ganhe &#8220;urg\u00eancia&#8221; no Plen\u00e1rio<\/span> <span class=\"meta-nav\">&rarr;<\/span><\/a><\/p>\n","protected":false},"author":1,"featured_media":0,"comment_status":"open","ping_status":"open","sticky":false,"template":"","format":"standard","meta":{"footnotes":""},"categories":[40],"tags":[451],"_links":{"self":[{"href":"https:\/\/obscom.intervozes.org.br\/index.php?rest_route=\/wp\/v2\/posts\/24160"}],"collection":[{"href":"https:\/\/obscom.intervozes.org.br\/index.php?rest_route=\/wp\/v2\/posts"}],"about":[{"href":"https:\/\/obscom.intervozes.org.br\/index.php?rest_route=\/wp\/v2\/types\/post"}],"author":[{"embeddable":true,"href":"https:\/\/obscom.intervozes.org.br\/index.php?rest_route=\/wp\/v2\/users\/1"}],"replies":[{"embeddable":true,"href":"https:\/\/obscom.intervozes.org.br\/index.php?rest_route=%2Fwp%2Fv2%2Fcomments&post=24160"}],"version-history":[{"count":0,"href":"https:\/\/obscom.intervozes.org.br\/index.php?rest_route=\/wp\/v2\/posts\/24160\/revisions"}],"wp:attachment":[{"href":"https:\/\/obscom.intervozes.org.br\/index.php?rest_route=%2Fwp%2Fv2%2Fmedia&parent=24160"}],"wp:term":[{"taxonomy":"category","embeddable":true,"href":"https:\/\/obscom.intervozes.org.br\/index.php?rest_route=%2Fwp%2Fv2%2Fcategories&post=24160"},{"taxonomy":"post_tag","embeddable":true,"href":"https:\/\/obscom.intervozes.org.br\/index.php?rest_route=%2Fwp%2Fv2%2Ftags&post=24160"}],"curies":[{"name":"wp","href":"https:\/\/api.w.org\/{rel}","templated":true}]}}