{"id":24158,"date":"2010-03-26T12:22:39","date_gmt":"2010-03-26T12:22:39","guid":{"rendered":"https:\/\/obscom.intervozes.org.br\/wordpress\/?p=24158"},"modified":"2010-03-26T12:22:39","modified_gmt":"2010-03-26T12:22:39","slug":"minicom-da-novo-prazo-para-tvs-adotarem-a-audiodescricao","status":"publish","type":"post","link":"https:\/\/obscom.intervozes.org.br\/?p=24158","title":{"rendered":"Minicom d\u00e1 novo prazo para TVs adotarem a audiodescri\u00e7\u00e3o"},"content":{"rendered":"<p><span class=\"padrao\"><strong>Reproduzido de Tele.S&iacute;ntese News<\/strong><\/p>\n<p>O Minist&eacute;rio das Comunica&ccedil;&otilde;es estabeleceu novo prazo para que as emissoras de TV passem a usar o recurso da audiodescri&ccedil;&atilde;o em sua programa&ccedil;&atilde;o, como determina o item 7 da Norma Complementar 01\/06, que trata de recursos de acessibilidade para pessoas com defici&ecirc;ncia, na programa&ccedil;&atilde;o veiculada nos servi&ccedil;os de radiodifus&atilde;o de sons e imagens e de retransmiss&atilde;o de televis&atilde;o. Pelo novo cronograma, o recurso ser&aacute; obrigat&oacute;rio a partir de 1&ordm; de julho deste ano, em no m&iacute;nimo duas horas de programa&ccedil;&atilde;o semanais, veiculadas pelas emissoras &ldquo;cabe&ccedil;a de rede&rdquo;, que j&aacute; tenham licen&ccedil;a para transmitir com tecnologia digital.<\/p>\n<p>De acordo com a norma, a intensifica&ccedil;&atilde;o do uso do recurso se dar&aacute; gradativamente e s&oacute; valer&aacute; para as emissoras com tecnologia digital. A audiodescri&ccedil;&atilde;o &eacute; a narra&ccedil;&atilde;o, em l&iacute;ngua portuguesa, integrada ao som original da obra audiovisual, contendo descri&ccedil;&otilde;es de sons e elementos visuais e quaisquer informa&ccedil;&otilde;es adicionais que sejam relevantes para possibilitar a melhor compreens&atilde;o desta por pessoas com defici&ecirc;ncia visual e intelectual.<\/p>\n<p>O uso da audiodescri&ccedil;&atilde;o estava previsto inicialmente para junho de 2007, mas foi suspenso sucessivamente por portarias do Minicom, que acabou abrindo consulta p&uacute;blica em 2008, alegando que da forma como estava proposta, n&atilde;o agradava nem aos radiodifusores nem aos deficientes visuais, necessitando, portanto, de mais discuss&atilde;o.<\/p>\n<p>A portaria com o novo cronograma foi publicada na edi&ccedil;&atilde;o desta quinta-feira (25) do Di&aacute;rio Oficial da Uni&atilde;o. (<em>L&uacute;cia Berbert<\/em>)&nbsp; &nbsp;<br \/><\/span><\/p>\n","protected":false},"excerpt":{"rendered":"<p>Reproduzido de Tele.S&iacute;ntese News O Minist&eacute;rio das Comunica&ccedil;&otilde;es estabeleceu novo prazo para que as emissoras de TV passem a usar o recurso da audiodescri&ccedil;&atilde;o em sua programa&ccedil;&atilde;o, como determina o item 7 da Norma Complementar 01\/06, que trata de recursos de acessibilidade para pessoas com defici&ecirc;ncia, na programa&ccedil;&atilde;o veiculada nos servi&ccedil;os de radiodifus&atilde;o de sons &hellip; <a href=\"https:\/\/obscom.intervozes.org.br\/?p=24158\" class=\"more-link\">Continue lendo <span class=\"screen-reader-text\">Minicom d\u00e1 novo prazo para TVs adotarem a audiodescri\u00e7\u00e3o<\/span> <span class=\"meta-nav\">&rarr;<\/span><\/a><\/p>\n","protected":false},"author":1,"featured_media":0,"comment_status":"open","ping_status":"open","sticky":false,"template":"","format":"standard","meta":{"footnotes":""},"categories":[39],"tags":[],"_links":{"self":[{"href":"https:\/\/obscom.intervozes.org.br\/index.php?rest_route=\/wp\/v2\/posts\/24158"}],"collection":[{"href":"https:\/\/obscom.intervozes.org.br\/index.php?rest_route=\/wp\/v2\/posts"}],"about":[{"href":"https:\/\/obscom.intervozes.org.br\/index.php?rest_route=\/wp\/v2\/types\/post"}],"author":[{"embeddable":true,"href":"https:\/\/obscom.intervozes.org.br\/index.php?rest_route=\/wp\/v2\/users\/1"}],"replies":[{"embeddable":true,"href":"https:\/\/obscom.intervozes.org.br\/index.php?rest_route=%2Fwp%2Fv2%2Fcomments&post=24158"}],"version-history":[{"count":0,"href":"https:\/\/obscom.intervozes.org.br\/index.php?rest_route=\/wp\/v2\/posts\/24158\/revisions"}],"wp:attachment":[{"href":"https:\/\/obscom.intervozes.org.br\/index.php?rest_route=%2Fwp%2Fv2%2Fmedia&parent=24158"}],"wp:term":[{"taxonomy":"category","embeddable":true,"href":"https:\/\/obscom.intervozes.org.br\/index.php?rest_route=%2Fwp%2Fv2%2Fcategories&post=24158"},{"taxonomy":"post_tag","embeddable":true,"href":"https:\/\/obscom.intervozes.org.br\/index.php?rest_route=%2Fwp%2Fv2%2Ftags&post=24158"}],"curies":[{"name":"wp","href":"https:\/\/api.w.org\/{rel}","templated":true}]}}