{"id":24157,"date":"2010-03-26T12:20:46","date_gmt":"2010-03-26T12:20:46","guid":{"rendered":"https:\/\/obscom.intervozes.org.br\/wordpress\/?p=24157"},"modified":"2010-03-26T12:20:46","modified_gmt":"2010-03-26T12:20:46","slug":"justica-determina-pericia-no-backhaul-das-concessionarias","status":"publish","type":"post","link":"https:\/\/obscom.intervozes.org.br\/?p=24157","title":{"rendered":"Justi\u00e7a determina per\u00edcia no backhaul das concession\u00e1rias"},"content":{"rendered":"<p><span class=\"padrao\"><strong>Reproduzido de Tele Time News &nbsp;<br \/><\/strong><br \/>A ju&iacute;za substituta da 6&ordf; Vara de Justi&ccedil;a do Distrito Federal, Maria Cec&iacute;lia de Marco Rocha, atendeu ao pedido da Pro Teste e determinou que se fa&ccedil;a uma per&iacute;cia t&eacute;cnica na rede das concession&aacute;rias para definir, de uma vez por todas, o que &eacute; o backhaul. A decis&atilde;o foi emitida no dia 10 de mar&ccedil;o e tr&ecirc;s universidades foram escolhidas para sugerir nomes para a equipe de peritos que investigar&aacute; a rede. S&atilde;o elas a Universidade de Bras&iacute;lia (UnB), a Universidade de S&atilde;o Paulo (USP) e a Universidade Estadual de Campinas (Unicamp). Essas tr&ecirc;s institui&ccedil;&otilde;es ter&atilde;o 30 dias para fazer suas indica&ccedil;&otilde;es &agrave; Justi&ccedil;a.<\/p>\n<p>O posicionamento da ju&iacute;za favor&aacute;vel &agrave; realiza&ccedil;&atilde;o da per&iacute;cia &eacute; mais uma vit&oacute;ria da Pro Teste na disputa sobre a troca das metas de implanta&ccedil;&atilde;o dos Postos de Servi&ccedil;o de Telecomunica&ccedil;&otilde;es (PSTs) pela expans&atilde;o da rede de banda larga chamada de backhaul. Em sua decis&atilde;o, a ju&iacute;za Maria Cec&iacute;lia citou as not&iacute;cias que t&ecirc;m sido veiculadas na imprensa sobre a exist&ecirc;ncia de um &quot;backhaul p&uacute;blico&quot; e outro &quot;privado&quot; com base em declara&ccedil;&otilde;es de autoridades da Anatel. Para a ju&iacute;za, apenas uma per&iacute;cia t&eacute;cnica &eacute; capaz de definir &quot;o qu&ecirc; exatamente foi objeto da troca de metas&quot; uma vez que o setor tem considerado essa dubialidade na natureza do backhaul.<\/p>\n<p>A a&ccedil;&atilde;o movida pela Pro Teste em 2008 pede a anula&ccedil;&atilde;o da troca das metas de universaliza&ccedil;&atilde;o. Com o avan&ccedil;o das discuss&otilde;es sobre a implanta&ccedil;&atilde;o do backhaul, a disputa que se tornou mais evidente na a&ccedil;&atilde;o &eacute; a da reversibilidade da rede chamada de backhaul ao fim da concess&atilde;o. A entidade de defesa dos consumidores teme que, apesar de ser uma infraestrutura implantada via metas de universaliza&ccedil;&atilde;o &#8211; e, consequentemente, paga por meio das tarifas da telefonia fixa &#8211; a rede seja considerada privada pela Anatel ao t&eacute;rmino dos contratos em 2025. Essa preocupa&ccedil;&atilde;o aumentou desde que a Anatel passou a admitir que parte do backhaul teria natureza privada, por n&atilde;o ter sido implantado por meio de metas, e estaria fora do estatuto da reversibilidade.(<em>Mariana Mazza<\/em>)<\/span><\/p>\n","protected":false},"excerpt":{"rendered":"<p>Reproduzido de Tele Time News &nbsp;A ju&iacute;za substituta da 6&ordf; Vara de Justi&ccedil;a do Distrito Federal, Maria Cec&iacute;lia de Marco Rocha, atendeu ao pedido da Pro Teste e determinou que se fa&ccedil;a uma per&iacute;cia t&eacute;cnica na rede das concession&aacute;rias para definir, de uma vez por todas, o que &eacute; o backhaul. A decis&atilde;o foi emitida &hellip; <a href=\"https:\/\/obscom.intervozes.org.br\/?p=24157\" class=\"more-link\">Continue lendo <span class=\"screen-reader-text\">Justi\u00e7a determina per\u00edcia no backhaul das concession\u00e1rias<\/span> <span class=\"meta-nav\">&rarr;<\/span><\/a><\/p>\n","protected":false},"author":1,"featured_media":0,"comment_status":"open","ping_status":"open","sticky":false,"template":"","format":"standard","meta":{"footnotes":""},"categories":[39],"tags":[],"_links":{"self":[{"href":"https:\/\/obscom.intervozes.org.br\/index.php?rest_route=\/wp\/v2\/posts\/24157"}],"collection":[{"href":"https:\/\/obscom.intervozes.org.br\/index.php?rest_route=\/wp\/v2\/posts"}],"about":[{"href":"https:\/\/obscom.intervozes.org.br\/index.php?rest_route=\/wp\/v2\/types\/post"}],"author":[{"embeddable":true,"href":"https:\/\/obscom.intervozes.org.br\/index.php?rest_route=\/wp\/v2\/users\/1"}],"replies":[{"embeddable":true,"href":"https:\/\/obscom.intervozes.org.br\/index.php?rest_route=%2Fwp%2Fv2%2Fcomments&post=24157"}],"version-history":[{"count":0,"href":"https:\/\/obscom.intervozes.org.br\/index.php?rest_route=\/wp\/v2\/posts\/24157\/revisions"}],"wp:attachment":[{"href":"https:\/\/obscom.intervozes.org.br\/index.php?rest_route=%2Fwp%2Fv2%2Fmedia&parent=24157"}],"wp:term":[{"taxonomy":"category","embeddable":true,"href":"https:\/\/obscom.intervozes.org.br\/index.php?rest_route=%2Fwp%2Fv2%2Fcategories&post=24157"},{"taxonomy":"post_tag","embeddable":true,"href":"https:\/\/obscom.intervozes.org.br\/index.php?rest_route=%2Fwp%2Fv2%2Ftags&post=24157"}],"curies":[{"name":"wp","href":"https:\/\/api.w.org\/{rel}","templated":true}]}}