{"id":24153,"date":"2010-03-25T18:30:40","date_gmt":"2010-03-25T18:30:40","guid":{"rendered":"https:\/\/obscom.intervozes.org.br\/wordpress\/?p=24153"},"modified":"2010-03-25T18:30:40","modified_gmt":"2010-03-25T18:30:40","slug":"anatel-e-minicom-recebem-duras-criticas-em-audiencia-na-camara","status":"publish","type":"post","link":"https:\/\/obscom.intervozes.org.br\/?p=24153","title":{"rendered":"Anatel e Minicom recebem duras cr\u00edticas em audi\u00eancia na C\u00e2mara"},"content":{"rendered":"<p>   \t \t \t \t \t<!-- \t\t@page { margin: 2cm } \t\tP { margin-bottom: 0.21cm } \t--> \t  <\/p>\n<p style=\"margin-bottom: 0cm\" class=\"padrao\">A audi&ecirc;ncia na Comiss&atilde;o de Defesa do Consumidor (CDC) da C&acirc;mara dos Deputados realizada na quarta-feira (24) tinha como pauta o Plano Nacional de Banda Larga. O encontro, por&eacute;m, virou espa&ccedil;o para cobran&ccedil;as e cr&iacute;ticas pesadas aos &oacute;rg&atilde;os que regulam o setor de comunica&ccedil;&otilde;es no pa&iacute;s &ndash; a Ag&ecirc;ncia Nacional de Telecomunica&ccedil;&otilde;es (Anatel) e o Minist&eacute;rio das Comunica&ccedil;&otilde;es (Minicom). Ambos foram criticados por contribu&iacute;rem para o v&aacute;cuo regulat&oacute;rio que marca o setor e pela coniv&ecirc;ncia e alinhamento com interesses empresariais. Convidados &agrave; audi&ecirc;ncia chegaram a propor, inclusive, a cria&ccedil;&atilde;o de uma Comiss&atilde;o Parlamentar de Inqu&eacute;rito para investigar a Anatel.<\/p>\n<p>A advogada da Associa&ccedil;&atilde;o Brasileira de Defesa do Consumidor (Proteste) Fl&aacute;via Lef&egrave;vre aponta o alto n&uacute;mero de decis&otilde;es tomadas pela Anatel em favor das empresas do setor e tamb&eacute;m a inabilidade da ag&ecirc;ncia em importantes regula&ccedil;&otilde;es do servi&ccedil;o de telecomunica&ccedil;&otilde;es como raz&otilde;es para se pedir a abertura de uma CPI. Lef&egrave;vre acusa a Anatel de n&atilde;o atuar como reguladora em pontos chaves do servi&ccedil;o de telecomunica&ccedil;&otilde;es, como, por exemplo, a fiscaliza&ccedil;&atilde;o da modicidade tarif&aacute;ria pelas operadoras, uma das exig&ecirc;ncias feitas &agrave;s operadoras de telefonia fixa.  A advogada enumerou ainda a falta de um modelo de custos para a defini&ccedil;&atilde;o de tarifas dos servi&ccedil;os e a n&atilde;o divis&atilde;o da rede de troncos para presta&ccedil;&atilde;o dos servi&ccedil;os de telecomunica&ccedil;&otilde;es.<\/p>\n<p>A acusa&ccedil;&atilde;o mais dura da representante da Proteste foi em rela&ccedil;&atilde;o &agrave;s mudan&ccedil;as no Plano Geral de Metas de Universaliza&ccedil;&atilde;o (PMGU) que retiraram dos contratos com as operadoras de telefonia a cl&aacute;usula da reversibilidade dos bens p&uacute;blicos depois da explora&ccedil;&atilde;o das concess&otilde;es. Segundo Lef&egrave;vre, esta medida beneficiou t&atilde;o somente as empresas de telecomunica&ccedil;&otilde;es. <\/p>\n<p>&ldquo;N&oacute;s queremos uma CPI da Anatel. A ag&ecirc;ncia est&aacute; facilitando a transfer&ecirc;ncia de patrim&ocirc;nio p&uacute;blico para a iniciativa privada e &eacute; preciso saber o que acontece dentro da Anatel&rdquo;, concluiu a advogada. A proposta da Proteste foi endossada tanto pelos representantes de outras duas entidades convidadas pela CDC, o Instituto Nacional de Defesa do Consumidor (IDEC) e o Intervozes &ndash; Coletivo Brasil de Comunica&ccedil;&atilde;o Social. <\/p>\n<p>Algumas das acusa&ccedil;&otilde;es foram corroboradas pelos parlamentares. O deputado Celso Russomanno (PP-SP) lembrou tamb&eacute;m que, no processo que pretende rever a obrigatoriedade da cobran&ccedil;a das assinaturas b&aacute;sicas dos telefones fixos, a Anatel se pronuncia nos autos do processo em defesa das operadoras de telefonia.<\/p>\n<p><strong>Velocidade da conex&atilde;o<\/strong><\/p>\n<p>Al&eacute;m do Plano Nacional de Banda Larga, outro tema previsto na pauta da audi&ecirc;ncia, convocada por iniciativa do deputado Ivan Valente (Psol-SP), era a fiscaliza&ccedil;&atilde;o das empresas provedoras de internet que n&atilde;o cumprem com a velocidade de conex&atilde;o que oferece ao consumidor. Tamb&eacute;m em rela&ccedil;&atilde;o a este assunto, o debate ganhou tom inquisit&oacute;rio em rela&ccedil;&atilde;o &agrave; Anatel. O representante da ag&ecirc;ncia, Bruno Ramos, a todo momento tentava justificar-se com a&ccedil;&otilde;es que est&atilde;o sendo feitas de cobran&ccedil;a a operadoras e provedoras.<\/p>\n<p>As tentativas n&atilde;o surtiram muito efeito. Ramos lembrou que a ag&ecirc;ncia publicou nos &uacute;ltimos dias uma nova circular em que obriga as empresas provedoras de internet em banda larga a colocar nas propagandas a real situa&ccedil;&atilde;o da velocidade comprada pelo usu&aacute;rio, que pode variar ao longo do dia. A regula&ccedil;&atilde;o do servi&ccedil;o prev&ecirc; que a prestadora &eacute; respons&aacute;vel por garantir 10% da velocidade comprada. De imediato, o deputado Vin&iacute;cius Carvalho (PTdoB-RJ), tamb&eacute;m presente na audi&ecirc;ncia, disse que a ag&ecirc;ncia precisa trabalhar com um outro crit&eacute;rio de presta&ccedil;&atilde;o m&iacute;nima, visto que a garantia de 10% apenas no valor comprado &eacute; &ldquo;rid&iacute;cula e irris&oacute;ria&rdquo;.<\/p>\n<p>O representante da Anatel, Bruno Ramos se colocou &agrave; disposi&ccedil;&atilde;o da comiss&atilde;o para voltar em outra ocasi&atilde;o e apresentar minuciosamente todas as a&ccedil;&otilde;es que a Anatel est&aacute; fazendo com rela&ccedil;&atilde;o &agrave;s quest&otilde;es levantadas na audi&ecirc;ncia.<\/p>\n<p><strong>Minist&eacute;rio ausente<\/p>\n<p><\/strong>As cr&iacute;ticas ao Minist&eacute;rio das Comunica&ccedil;&otilde;es (Minicom) come&ccedil;aram pela falta de cortesia do &oacute;rg&atilde;o com os deputados. O representante do Minicom convidado para a mesa comunicou ao deputado Cl&aacute;udio Cajado (DEM-BA), presidente da CDC, que n&atilde;o poderia ir &agrave; audi&ecirc;ncia faltando cinco minutos para o in&iacute;cio dos trabalhos. O proponente da sess&atilde;o, Ivan Valente, criticou o minist&eacute;rio. <\/p>\n<p>O deputado paulista focou sua avalia&ccedil;&atilde;o sobre a pasta nas rela&ccedil;&otilde;es desta com o empresariado. Valente qualificou a rela&ccedil;&atilde;o entre Minicom e empresas privadas como &ldquo;vergonhosa&rdquo;. Ele lembrou que, em mat&eacute;ria do jornal <em>Folha de S. Paulo<\/em> do dia 24, o minist&eacute;rio &eacute; citado como aliado das empresas de telefonia contra a reativa&ccedil;&atilde;o da Telebr&aacute;s e a favor de um modelo no qual as redes de fibra &oacute;tica do Estado n&atilde;o entram no mercado para ampliar acesso ou fomentar competi&ccedil;&atilde;o. &ldquo;A oposi&ccedil;&atilde;o &agrave; reativa&ccedil;&atilde;o da Telebr&aacute;s est&aacute; acontecendo no plen&aacute;rio da C&acirc;mara porque as empresas de telecomunica&ccedil;&otilde;es s&atilde;o sempre grandes financiadoras de campanha&rdquo;, identifica Valente.<\/p>\n","protected":false},"excerpt":{"rendered":"<p>Participantes de sess&atilde;o da Comiss&atilde;o de Defesa do Consumidor chegaram a pedir abertura de CPI para investigar ag&ecirc;ncia<\/p>\n","protected":false},"author":1,"featured_media":0,"comment_status":"open","ping_status":"open","sticky":false,"template":"","format":"standard","meta":{"footnotes":""},"categories":[40],"tags":[366],"_links":{"self":[{"href":"https:\/\/obscom.intervozes.org.br\/index.php?rest_route=\/wp\/v2\/posts\/24153"}],"collection":[{"href":"https:\/\/obscom.intervozes.org.br\/index.php?rest_route=\/wp\/v2\/posts"}],"about":[{"href":"https:\/\/obscom.intervozes.org.br\/index.php?rest_route=\/wp\/v2\/types\/post"}],"author":[{"embeddable":true,"href":"https:\/\/obscom.intervozes.org.br\/index.php?rest_route=\/wp\/v2\/users\/1"}],"replies":[{"embeddable":true,"href":"https:\/\/obscom.intervozes.org.br\/index.php?rest_route=%2Fwp%2Fv2%2Fcomments&post=24153"}],"version-history":[{"count":0,"href":"https:\/\/obscom.intervozes.org.br\/index.php?rest_route=\/wp\/v2\/posts\/24153\/revisions"}],"wp:attachment":[{"href":"https:\/\/obscom.intervozes.org.br\/index.php?rest_route=%2Fwp%2Fv2%2Fmedia&parent=24153"}],"wp:term":[{"taxonomy":"category","embeddable":true,"href":"https:\/\/obscom.intervozes.org.br\/index.php?rest_route=%2Fwp%2Fv2%2Fcategories&post=24153"},{"taxonomy":"post_tag","embeddable":true,"href":"https:\/\/obscom.intervozes.org.br\/index.php?rest_route=%2Fwp%2Fv2%2Ftags&post=24153"}],"curies":[{"name":"wp","href":"https:\/\/api.w.org\/{rel}","templated":true}]}}