{"id":24152,"date":"2010-03-25T17:09:01","date_gmt":"2010-03-25T17:09:01","guid":{"rendered":"https:\/\/obscom.intervozes.org.br\/wordpress\/?p=24152"},"modified":"2010-03-25T17:09:01","modified_gmt":"2010-03-25T17:09:01","slug":"organizacoes-e-movimentos-sociais-realizam-reunioes-sobre-o-cenario-pos-confecom-no-rj-e-em-sp","status":"publish","type":"post","link":"https:\/\/obscom.intervozes.org.br\/?p=24152","title":{"rendered":"Organiza\u00e7\u00f5es e movimentos sociais realizam reuni\u00f5es sobre o cen\u00e1rio p\u00f3s-Confecom no RJ e em SP"},"content":{"rendered":"<p>   \t \t \t \t \t<!-- \t\t@page { margin: 2cm } \t\tP { margin-bottom: 0.21cm } \t--> \t  <\/p>\n<p style=\"margin-bottom: 0cm\" class=\"padrao\">As organiza&ccedil;&otilde;es e movimentos sociais que se mobilizaram para a convoca&ccedil;&atilde;o e realiza&ccedil;&atilde;o da 1&ordf; Confer&ecirc;ncia Nacional de Comunica&ccedil;&atilde;o (Confecom) retomam a agenda de articula&ccedil;&atilde;o, agora com a inten&ccedil;&atilde;o de pensar estrat&eacute;gias para efetivar as resolu&ccedil;&otilde;es aprovadas.<\/p>\n<p>Neste s&aacute;bado (27), ser&atilde;o realizadas reuni&otilde;es neste sentido nos estados do Rio de Janeiro e S&atilde;o Paulo.<\/p>\n<p>No Rio, a Comiss&atilde;o Pr&oacute;-Confer&ecirc;ncia RJ convocou o Semin&aacute;rio Rio P&oacute;s Confer&ecirc;ncia. O encontro ser&aacute; no audit&oacute;rio do Centro de Filosofia e Ci&ecirc;ncias Humanas da Escola de Comunica&ccedil;&atilde;o da UFRJ [Av. Pasteur 250, Praia Vermelha], a partir das 10h.<\/p>\n<p>Em S&atilde;o Paulo, a Plen&aacute;ria Estadual P&oacute;s-Confecom ter&aacute; como objetivo fazer uma avalia&ccedil;&atilde;o conjunta do processo e tamb&eacute;m estabelecer uma pauta pol&iacute;tica comum &agrave;s organiza&ccedil;&otilde;es participantes. A reuni&atilde;o &eacute; convocada pela Comiss&atilde;o Paulista Pr&oacute;-Confer&ecirc;ncia e ser&aacute; realizada no Sindicato dos Engenheiros [Rua Genebra, 25 &ndash; Centro] a partir das 9h.<\/p>\n<p>No Paran&aacute;, plen&aacute;ria semelhante est&aacute; marcada para o dia 11 de abril. <\/p>\n","protected":false},"excerpt":{"rendered":"<p>As organiza&ccedil;&otilde;es e movimentos sociais que se mobilizaram para a convoca&ccedil;&atilde;o e realiza&ccedil;&atilde;o da 1&ordf; Confer&ecirc;ncia Nacional de Comunica&ccedil;&atilde;o (Confecom) retomam a agenda de articula&ccedil;&atilde;o, agora com a inten&ccedil;&atilde;o de pensar estrat&eacute;gias para efetivar as resolu&ccedil;&otilde;es aprovadas. Neste s&aacute;bado (27), ser&atilde;o realizadas reuni&otilde;es neste sentido nos estados do Rio de Janeiro e S&atilde;o Paulo. No &hellip; <a href=\"https:\/\/obscom.intervozes.org.br\/?p=24152\" class=\"more-link\">Continue lendo <span class=\"screen-reader-text\">Organiza\u00e7\u00f5es e movimentos sociais realizam reuni\u00f5es sobre o cen\u00e1rio p\u00f3s-Confecom no RJ e em SP<\/span> <span class=\"meta-nav\">&rarr;<\/span><\/a><\/p>\n","protected":false},"author":1,"featured_media":0,"comment_status":"open","ping_status":"open","sticky":false,"template":"","format":"standard","meta":{"footnotes":""},"categories":[39],"tags":[],"_links":{"self":[{"href":"https:\/\/obscom.intervozes.org.br\/index.php?rest_route=\/wp\/v2\/posts\/24152"}],"collection":[{"href":"https:\/\/obscom.intervozes.org.br\/index.php?rest_route=\/wp\/v2\/posts"}],"about":[{"href":"https:\/\/obscom.intervozes.org.br\/index.php?rest_route=\/wp\/v2\/types\/post"}],"author":[{"embeddable":true,"href":"https:\/\/obscom.intervozes.org.br\/index.php?rest_route=\/wp\/v2\/users\/1"}],"replies":[{"embeddable":true,"href":"https:\/\/obscom.intervozes.org.br\/index.php?rest_route=%2Fwp%2Fv2%2Fcomments&post=24152"}],"version-history":[{"count":0,"href":"https:\/\/obscom.intervozes.org.br\/index.php?rest_route=\/wp\/v2\/posts\/24152\/revisions"}],"wp:attachment":[{"href":"https:\/\/obscom.intervozes.org.br\/index.php?rest_route=%2Fwp%2Fv2%2Fmedia&parent=24152"}],"wp:term":[{"taxonomy":"category","embeddable":true,"href":"https:\/\/obscom.intervozes.org.br\/index.php?rest_route=%2Fwp%2Fv2%2Fcategories&post=24152"},{"taxonomy":"post_tag","embeddable":true,"href":"https:\/\/obscom.intervozes.org.br\/index.php?rest_route=%2Fwp%2Fv2%2Ftags&post=24152"}],"curies":[{"name":"wp","href":"https:\/\/api.w.org\/{rel}","templated":true}]}}