{"id":24145,"date":"2010-03-24T13:37:54","date_gmt":"2010-03-24T13:37:54","guid":{"rendered":"https:\/\/obscom.intervozes.org.br\/wordpress\/?p=24145"},"modified":"2010-03-24T13:37:54","modified_gmt":"2010-03-24T13:37:54","slug":"mpf-df-ja-esta-investigando-a-anatel-por-falta-de-transparencia","status":"publish","type":"post","link":"https:\/\/obscom.intervozes.org.br\/?p=24145","title":{"rendered":"MPF-DF j\u00e1 est\u00e1 investigando a Anatel por falta de transpar\u00eancia"},"content":{"rendered":"<p>   \t \t \t \t \t<!-- \t\t@page { margin: 2cm } \t\tP { margin-bottom: 0.21cm } \t--> \t   <\/p>\n<p style=\"margin-bottom: 0cm\" class=\"padrao\">A preocupa&ccedil;&atilde;o com a falta de transpar&ecirc;ncia da Anatel n&atilde;o &eacute; s&oacute; da conselheira Em&iacute;lia Ribeiro, que apresentou proposta de altera&ccedil;&atilde;o do regimento interno da ag&ecirc;ncia, propondo, entre outras coisas, que as reuni&otilde;es do Conselho Diretor sejam p&uacute;blicas. O Minist&eacute;rio P&uacute;blico Federal do DF abriu processo preparat&oacute;rio para apurar eventual viola&ccedil;&atilde;o ao princ&iacute;pio constitucional da publicidade dos fatos da administra&ccedil;&atilde;o p&uacute;blica.<\/p>\n<p>O procurador da Rep&uacute;blica Marcus Marcelus Goulart enviou of&iacute;cio &agrave; Anatel na &uacute;ltima quinta-feira (18), solicitando informa&ccedil;&otilde;es sobre como a ag&ecirc;ncia tem dado publicidade aos procedimentos para apura&ccedil;&atilde;o dos descumprimentos de obriga&ccedil;&otilde;es (Pados), bem como &agrave;s sess&otilde;es e votos do Conselho Diretor. O prazo para encaminhamento das informa&ccedil;&otilde;es &eacute; de 20 dias.<\/p>\n<p>Para o procurador Marcus Goulart, a not&iacute;cia sobre a proposta de reformula&ccedil;&atilde;o do regimento interno pode indicar o interesse da Anatel em modificar sua atitude em rela&ccedil;&atilde;o &agrave; publicidade dos seus atos. &ldquo;Vou acompanhar esse processo para ver se o interesse p&uacute;blico &eacute; contemplado&rdquo;, disse.<\/p>\n<p>Caso n&atilde;o mude seus procedimentos, o MPF-DF pode instaurar um inqu&eacute;rito p&uacute;blico civil e estudar medidas judiciais para o enquadramento da ag&ecirc;ncia. &ldquo;A ag&ecirc;ncia tem que prestar contas dos seus atos para a sociedade e para os &oacute;rg&atilde;os de controle&rdquo;, defende o procurador.<\/p>\n","protected":false},"excerpt":{"rendered":"<p>A preocupa&ccedil;&atilde;o com a falta de transpar&ecirc;ncia da Anatel n&atilde;o &eacute; s&oacute; da conselheira Em&iacute;lia Ribeiro, que apresentou proposta de altera&ccedil;&atilde;o do regimento interno da ag&ecirc;ncia, propondo, entre outras coisas, que as reuni&otilde;es do Conselho Diretor sejam p&uacute;blicas. O Minist&eacute;rio P&uacute;blico Federal do DF abriu processo preparat&oacute;rio para apurar eventual viola&ccedil;&atilde;o ao princ&iacute;pio constitucional da &hellip; <a href=\"https:\/\/obscom.intervozes.org.br\/?p=24145\" class=\"more-link\">Continue lendo <span class=\"screen-reader-text\">MPF-DF j\u00e1 est\u00e1 investigando a Anatel por falta de transpar\u00eancia<\/span> <span class=\"meta-nav\">&rarr;<\/span><\/a><\/p>\n","protected":false},"author":1,"featured_media":0,"comment_status":"open","ping_status":"open","sticky":false,"template":"","format":"standard","meta":{"footnotes":""},"categories":[40],"tags":[876],"_links":{"self":[{"href":"https:\/\/obscom.intervozes.org.br\/index.php?rest_route=\/wp\/v2\/posts\/24145"}],"collection":[{"href":"https:\/\/obscom.intervozes.org.br\/index.php?rest_route=\/wp\/v2\/posts"}],"about":[{"href":"https:\/\/obscom.intervozes.org.br\/index.php?rest_route=\/wp\/v2\/types\/post"}],"author":[{"embeddable":true,"href":"https:\/\/obscom.intervozes.org.br\/index.php?rest_route=\/wp\/v2\/users\/1"}],"replies":[{"embeddable":true,"href":"https:\/\/obscom.intervozes.org.br\/index.php?rest_route=%2Fwp%2Fv2%2Fcomments&post=24145"}],"version-history":[{"count":0,"href":"https:\/\/obscom.intervozes.org.br\/index.php?rest_route=\/wp\/v2\/posts\/24145\/revisions"}],"wp:attachment":[{"href":"https:\/\/obscom.intervozes.org.br\/index.php?rest_route=%2Fwp%2Fv2%2Fmedia&parent=24145"}],"wp:term":[{"taxonomy":"category","embeddable":true,"href":"https:\/\/obscom.intervozes.org.br\/index.php?rest_route=%2Fwp%2Fv2%2Fcategories&post=24145"},{"taxonomy":"post_tag","embeddable":true,"href":"https:\/\/obscom.intervozes.org.br\/index.php?rest_route=%2Fwp%2Fv2%2Ftags&post=24145"}],"curies":[{"name":"wp","href":"https:\/\/api.w.org\/{rel}","templated":true}]}}