{"id":24144,"date":"2010-03-24T13:26:02","date_gmt":"2010-03-24T13:26:02","guid":{"rendered":"https:\/\/obscom.intervozes.org.br\/wordpress\/?p=24144"},"modified":"2010-03-24T13:26:02","modified_gmt":"2010-03-24T13:26:02","slug":"oi-teme-excesso-de-competicao-com-mvnos-claro-net-e-vivo-querem-liberacao-a-coligadas","status":"publish","type":"post","link":"https:\/\/obscom.intervozes.org.br\/?p=24144","title":{"rendered":"Oi teme excesso de competi\u00e7\u00e3o com MVNOs; Claro, Net e Vivo querem libera\u00e7\u00e3o a coligadas"},"content":{"rendered":"<p>   \t \t \t \t \t<!-- \t\t@page { margin: 2cm } \t\tP { margin-bottom: 0.21cm } \t--> \t  <\/p>\n<p style=\"margin-bottom: 0cm\" class=\"padrao\">Terminou com 364 contribui&ccedil;&otilde;es nessa segunda-feira, 22, a consulta p&uacute;blica da Anatel sobre a proposta de regulamenta&ccedil;&atilde;o dos operadores virtuais de telefonia m&oacute;vel, os MVNOs (Mobile Virtual Network Operators). E, mesmo com in&uacute;meros elogios dos participantes &agrave; iniciativa da Anatel de regular o servi&ccedil;o no Brasil, as d&uacute;vidas e receios sobre as regras propostas ainda s&atilde;o o grande destaque na discuss&atilde;o do tema. Empresas de telecomunica&ccedil;&otilde;es m&oacute;veis e fixas apresentaram diversas considera&ccedil;&otilde;es sobre o tema e, mesmo tendo opini&otilde;es destoantes, especialmente com rela&ccedil;&atilde;o ao grau de maturidade do mercado de telefonia m&oacute;vel, concordam que ainda h&aacute; espa&ccedil;o para corre&ccedil;&otilde;es na proposta da Anatel. <\/p>\n<p>Uma das empresas mais relutantes com rela&ccedil;&atilde;o &agrave; implanta&ccedil;&atilde;o dos MVNOs &eacute; a Oi. A empresa j&aacute; havia se manifestado nas audi&ecirc;ncias p&uacute;blicas mostrando preocupa&ccedil;&atilde;o com a iniciativa que visa aumentar a competi&ccedil;&atilde;o na oferta de telefonia m&oacute;vel no Brasil. Para a Oi, o mercado de telefonia celular ainda n&atilde;o est&aacute; maduro e a rentabilidade das operadoras &eacute; muito baixa em compara&ccedil;&atilde;o com outros pa&iacute;ses. A LCA Consultores, contratada pela Oi para analisar a proposta, corroborou a teoria da empresa. <\/p>\n<p>A Vivo, no entanto, fez ressalvas &agrave; proposta da Anatel pela via contr&aacute;ria. Para os representantes da empresa, o mercado brasileiro encaminha-se para o amadurecimento e a alta competitividade visualizada nesse segmento das telecomunica&ccedil;&otilde;es &eacute; prova disso. Assim, a operadora critica algumas barreiras impostas pela Anatel ao credenciamento das MVNOs, como o impedimento de que empresas coligadas, controladas ou controladoras das teles m&oacute;veis em funcionamento no Brasil possam ser operadoras virtuais. &Eacute; a mesma posi&ccedil;&atilde;o da Telef&ocirc;nica, acionista da Vivo. <\/p>\n<p>A Net tamb&eacute;m mostrou-se contra a restri&ccedil;&atilde;o &agrave;s coligadas de empresas de telefonia m&oacute;vel entrarem no mercado como MVNO. A Claro, assim como representantes de interessados na atua&ccedil;&atilde;o como operadores virtuais, sugeriram &agrave; Anatel a retirada da barreira que determina que as MVNOs credenciadas s&oacute; podem contratar uma &uacute;nica prestadora de rede em sua &aacute;rea de atua&ccedil;&atilde;o. Net e Claro t&ecirc;m como acionista em comum o empres&aacute;rio mexicano Carlos Slim. <\/p>\n<p><strong>Sem discriminar <\/strong><\/p>\n<p>A Telcomp tamb&eacute;m aproveitou a consulta p&uacute;blica para refor&ccedil;ar solicita&ccedil;&otilde;es j&aacute; adiantadas por este notici&aacute;rio e apresentadas nas audi&ecirc;ncias de esclarecimento realizadas pela Anatel no in&iacute;cio deste m&ecirc;s. Um dos principais pedidos da associa&ccedil;&atilde;o &eacute; que a ag&ecirc;ncia reguladora inclua na regulamenta&ccedil;&atilde;o dispositivos que assegurem a oferta n&atilde;o-discriminat&oacute;ria de acesso &agrave;s redes das empresas de telefonia m&oacute;vel. O mesmo pedido foi feito por empresas de telefonia fixa, como a GVT. <\/p>\n<p><strong>Ajuste ao CDC <\/strong><\/p>\n<p>&Oacute;rg&atilde;os de defesa do consumidor, como Pro Teste e Procon-SP, reiteraram a necessidade de que o regulamento seja adequado ao C&oacute;digo de Defesa do Consumidor (CDC). Para essas entidades, alguns direitos dos usu&aacute;rios ainda n&atilde;o est&atilde;o claramente assegurados na proposta da Anatel.<\/p>\n","protected":false},"excerpt":{"rendered":"<p>Terminou com 364 contribui&ccedil;&otilde;es nessa segunda-feira, 22, a consulta p&uacute;blica da Anatel sobre a proposta de regulamenta&ccedil;&atilde;o dos operadores virtuais de telefonia m&oacute;vel, os MVNOs (Mobile Virtual Network Operators). E, mesmo com in&uacute;meros elogios dos participantes &agrave; iniciativa da Anatel de regular o servi&ccedil;o no Brasil, as d&uacute;vidas e receios sobre as regras propostas ainda &hellip; <a href=\"https:\/\/obscom.intervozes.org.br\/?p=24144\" class=\"more-link\">Continue lendo <span class=\"screen-reader-text\">Oi teme excesso de competi\u00e7\u00e3o com MVNOs; Claro, Net e Vivo querem libera\u00e7\u00e3o a coligadas<\/span> <span class=\"meta-nav\">&rarr;<\/span><\/a><\/p>\n","protected":false},"author":1,"featured_media":0,"comment_status":"open","ping_status":"open","sticky":false,"template":"","format":"standard","meta":{"footnotes":""},"categories":[40],"tags":[1276],"_links":{"self":[{"href":"https:\/\/obscom.intervozes.org.br\/index.php?rest_route=\/wp\/v2\/posts\/24144"}],"collection":[{"href":"https:\/\/obscom.intervozes.org.br\/index.php?rest_route=\/wp\/v2\/posts"}],"about":[{"href":"https:\/\/obscom.intervozes.org.br\/index.php?rest_route=\/wp\/v2\/types\/post"}],"author":[{"embeddable":true,"href":"https:\/\/obscom.intervozes.org.br\/index.php?rest_route=\/wp\/v2\/users\/1"}],"replies":[{"embeddable":true,"href":"https:\/\/obscom.intervozes.org.br\/index.php?rest_route=%2Fwp%2Fv2%2Fcomments&post=24144"}],"version-history":[{"count":0,"href":"https:\/\/obscom.intervozes.org.br\/index.php?rest_route=\/wp\/v2\/posts\/24144\/revisions"}],"wp:attachment":[{"href":"https:\/\/obscom.intervozes.org.br\/index.php?rest_route=%2Fwp%2Fv2%2Fmedia&parent=24144"}],"wp:term":[{"taxonomy":"category","embeddable":true,"href":"https:\/\/obscom.intervozes.org.br\/index.php?rest_route=%2Fwp%2Fv2%2Fcategories&post=24144"},{"taxonomy":"post_tag","embeddable":true,"href":"https:\/\/obscom.intervozes.org.br\/index.php?rest_route=%2Fwp%2Fv2%2Ftags&post=24144"}],"curies":[{"name":"wp","href":"https:\/\/api.w.org\/{rel}","templated":true}]}}