{"id":24129,"date":"2010-03-22T15:43:33","date_gmt":"2010-03-22T15:43:33","guid":{"rendered":"https:\/\/obscom.intervozes.org.br\/wordpress\/?p=24129"},"modified":"2010-03-22T15:43:33","modified_gmt":"2010-03-22T15:43:33","slug":"televisao-na-internet-apenas-muda-suporte-de-distribuicao-de-conteudos","status":"publish","type":"post","link":"https:\/\/obscom.intervozes.org.br\/?p=24129","title":{"rendered":"Televis\u00e3o na internet apenas muda suporte de distribui\u00e7\u00e3o de conte\u00fados"},"content":{"rendered":"<p> \t \t \t \t<!-- \t\t@page { margin: 2cm } \t\tP { margin-bottom: 0.21cm } \t--> \t  <\/p>\n<p style=\"margin-bottom: 0cm\" class=\"padrao\"><em>[T&iacute;tulo original: &#39;Internet &eacute; mais banco de dados do que canal&#39;]<\/em><\/p>\n<p>&quot;N&atilde;o se v&ecirc; menos TV. H&aacute; mais gente assistindo do que h&aacute; dez anos, mas em outras telas. A audi&ecirc;ncia est&aacute; se diluindo. As coisas v&atilde;o acontecer em todas as telas -&eacute; irrelevante discutir em qual delas&quot;, diz Silvio Meira, professor do Centro de Inform&aacute;tica da Universidade Federal de Pernambuco e chefe do Cesar (Centro de Estudos e Sistemas Avan&ccedil;ados do Recife).<\/p>\n<p>Segundo ele, no Brasil, emissoras se confundiram com redes de televis&atilde;o. Juntaram, assim, duas discuss&otilde;es: o meio internet e TV e os conte&uacute;dos.<\/p>\n<p>H&aacute; dez anos, a companhia espanhola Telef&ocirc;nica criou no Brasil o Terra TV, que funciona como v&aacute;rias emissoras e exibe s&eacute;ries, jornalismo e esportes.<\/p>\n<p>Como empresa estrangeira, a Telef&ocirc;nica n&atilde;o poderia controlar uma emissora. Mas n&atilde;o h&aacute; leis para esse servi&ccedil;o na web.<\/p>\n<p>&quot;No in&iacute;cio, os detentores de direitos n&atilde;o tinham conhecimento do papel da rede&quot;, lembra Paulo Castro, diretor-geral do portal Terra Brasil.<\/p>\n<p>A virada, diz, ocorreu em 2006, &quot;quando a Fifa entendeu que havia espa&ccedil;o para novas m&iacute;dias e conseguimos licenciar jogos da Copa&quot;.<\/p>\n<p>Em 2010, o Terra TV foi alternativa na transmiss&atilde;o dos Jogos de Inverno de Vancouver. Detentora dos direitos da competi&ccedil;&atilde;o para sinal aberto, a Record levou 80 profissionais ao Canad&aacute; e transmitiu mais de cem horas de programa&ccedil;&atilde;o para 38,3 milh&otilde;es de pessoas.<\/p>\n<p>J&aacute; o Terra montou equipe de 60 pessoas e contabilizou 8,3 milh&otilde;es de acessos aos v&iacute;deos. Ali, o internauta p&ocirc;de acompanhar, quando quis, at&eacute; v&aacute;rias competi&ccedil;&otilde;es ao mesmo tempo.<\/p>\n<p>Para Castro, a internet concorre com a televis&atilde;o pela aten&ccedil;&atilde;o do usu&aacute;rio, &quot;mas &eacute; mais um banco de dados que um canal&quot;.<\/p>\n<p>A democratiza&ccedil;&atilde;o da oferta &eacute; &oacute;bvia. Com o barateamento da tecnologia e facilidades de veicula&ccedil;&atilde;o, em tese, qualquer um pode ter seu canal. &quot;Mas &eacute; uma fal&aacute;cia dizer que a Globo vai competir com amigos que t&ecirc;m uma c&acirc;mera. A capacidade empresarial ser&aacute; levada para a internet&quot;, diz Charo Chalezquer, da Universidade de Navarra.<\/p>\n<p>Por&eacute;m, mais do que qualidade, os direitos sobre o conte&uacute;do chamam a aten&ccedil;&atilde;o. O Congresso est&aacute; longe de abordar o assunto, que se resolve na pr&aacute;tica. Exemplo: nesse m&ecirc;s, a MTV notificou o Google para receber por v&iacute;deos no YouTube.<\/p>\n<p>Al&eacute;m dessa, outra quest&atilde;o avan&ccedil;a pelo subsolo: a rede de banda larga, a qual o governo promete universalizar. Sem infraestrutura, &eacute; in&oacute;cuo falar de novos modelos de neg&oacute;cios ou tend&ecirc;ncias de consumo.<\/p>\n<p>Em abril, o Executivo deve apresentar um plano nacional, com implementa&ccedil;&atilde;o efetiva em 2011. A meta ser&aacute; chegar a 300 munic&iacute;pios at&eacute; o final do ano. O objetivo inicial, por&eacute;m, era concluir o governo Lula com banda larga em 3.200 cidades.<\/p>\n","protected":false},"excerpt":{"rendered":"<p>[T&iacute;tulo original: &#39;Internet &eacute; mais banco de dados do que canal&#39;] &quot;N&atilde;o se v&ecirc; menos TV. H&aacute; mais gente assistindo do que h&aacute; dez anos, mas em outras telas. A audi&ecirc;ncia est&aacute; se diluindo. As coisas v&atilde;o acontecer em todas as telas -&eacute; irrelevante discutir em qual delas&quot;, diz Silvio Meira, professor do Centro de &hellip; <a href=\"https:\/\/obscom.intervozes.org.br\/?p=24129\" class=\"more-link\">Continue lendo <span class=\"screen-reader-text\">Televis\u00e3o na internet apenas muda suporte de distribui\u00e7\u00e3o de conte\u00fados<\/span> <span class=\"meta-nav\">&rarr;<\/span><\/a><\/p>\n","protected":false},"author":1,"featured_media":0,"comment_status":"open","ping_status":"open","sticky":false,"template":"","format":"standard","meta":{"footnotes":""},"categories":[40],"tags":[1271],"_links":{"self":[{"href":"https:\/\/obscom.intervozes.org.br\/index.php?rest_route=\/wp\/v2\/posts\/24129"}],"collection":[{"href":"https:\/\/obscom.intervozes.org.br\/index.php?rest_route=\/wp\/v2\/posts"}],"about":[{"href":"https:\/\/obscom.intervozes.org.br\/index.php?rest_route=\/wp\/v2\/types\/post"}],"author":[{"embeddable":true,"href":"https:\/\/obscom.intervozes.org.br\/index.php?rest_route=\/wp\/v2\/users\/1"}],"replies":[{"embeddable":true,"href":"https:\/\/obscom.intervozes.org.br\/index.php?rest_route=%2Fwp%2Fv2%2Fcomments&post=24129"}],"version-history":[{"count":0,"href":"https:\/\/obscom.intervozes.org.br\/index.php?rest_route=\/wp\/v2\/posts\/24129\/revisions"}],"wp:attachment":[{"href":"https:\/\/obscom.intervozes.org.br\/index.php?rest_route=%2Fwp%2Fv2%2Fmedia&parent=24129"}],"wp:term":[{"taxonomy":"category","embeddable":true,"href":"https:\/\/obscom.intervozes.org.br\/index.php?rest_route=%2Fwp%2Fv2%2Fcategories&post=24129"},{"taxonomy":"post_tag","embeddable":true,"href":"https:\/\/obscom.intervozes.org.br\/index.php?rest_route=%2Fwp%2Fv2%2Ftags&post=24129"}],"curies":[{"name":"wp","href":"https:\/\/api.w.org\/{rel}","templated":true}]}}