{"id":24123,"date":"2010-03-22T14:15:34","date_gmt":"2010-03-22T14:15:34","guid":{"rendered":"https:\/\/obscom.intervozes.org.br\/wordpress\/?p=24123"},"modified":"2010-03-22T14:15:34","modified_gmt":"2010-03-22T14:15:34","slug":"vannuchi-nega-regulacao-e-quer-debater-pndh-com-a-midia","status":"publish","type":"post","link":"https:\/\/obscom.intervozes.org.br\/?p=24123","title":{"rendered":"Vannuchi nega regula\u00e7\u00e3o e quer debater PNDH com a m\u00eddia"},"content":{"rendered":"<p>   \t \t \t \t \t<!-- \t\t@page { margin: 2cm } \t\tP { margin-bottom: 0.21cm } \t--> \t  <\/p>\n<p style=\"margin-bottom: 0cm\" class=\"padrao\">O ministro da Secretaria Especial de Direitos Humanos, Paulo Vannuchi, negou que o Plano Nacional de Direitos Humanos (PNDH) pretenda regular a m&iacute;dia, mas defendeu a discuss&atilde;o de &ldquo;crit&eacute;rios de aperfei&ccedil;oamento&rdquo;.<\/p>\n<p>&ldquo;N&atilde;o &eacute; regulamentar. A nossa ideia &eacute; mostrar que &eacute; preciso ter uma discuss&atilde;o com a imprensa que n&atilde;o envolva o cerceamento ou o risco de liberdade de express&atilde;o. N&atilde;o queremos alterar a mais ampla e plena liberdade. Mas, sim, discutir crit&eacute;rios de aperfei&ccedil;oamento, porque h&aacute; ainda em r&aacute;dios e programas, por exemplo, campanhas homof&oacute;bicas e, &agrave;s vezes, racistas. O que o programa tenta &eacute; justamente focalizar essa necessidade&rdquo;, afirmou, em debate realizado na sede da Defensoria P&uacute;blica do Estado do Rio, na &uacute;ltima sexta-feira (19\/03).<\/p>\n<p>Vannuchi n&atilde;o criticou a posi&ccedil;&atilde;o adotada pelas entidades patronais da imprensa, que discutiram a possibilidade de recorrer ao Supremo Tribunal Federal contra o PNDH. O ministro considerou que houve uma &ldquo;distor&ccedil;&atilde;o&rdquo; no debate.<\/p>\n<p>&ldquo;Claro que eu n&atilde;o queria que o debate sobre os direitos humanos fosse discutido com esse vi&eacute;s (de amea&ccedil;a &agrave; liberdade de express&atilde;o), que eu considero em grande parte distorcido. N&atilde;o estou dizendo que todos os jornais s&atilde;o iguais&rdquo;, disse.<\/p>\n<p>O ministro acredita que, caso as entidades recorram ao STF, o Tribunal dificilmente se manifestar&aacute; sobre o caso.<\/p>\n<p>&ldquo;O que o Supremo decidir, certo ou errado, todos n&oacute;s acataremos. Mas acho pouco prov&aacute;vel que o Supremo decida interromper um decreto que &eacute; voltado para o Poder Executivo, com recomenda&ccedil;&otilde;es dos demais poderes. Toda vez que Legislativo leva para o Supremo quest&otilde;es do Regimento Interno, ele (STF), n&atilde;o se posiciona. O Supremo pode receber ou n&atilde;o. Se receber, pode fortalecer ainda mais o debate sobre o assunto&rdquo;, afirmou.<\/p>\n<p><em>Com informa&ccedil;&otilde;es de O Globo.<\/em><\/p>\n","protected":false},"excerpt":{"rendered":"<p>O ministro da Secretaria Especial de Direitos Humanos, Paulo Vannuchi, negou que o Plano Nacional de Direitos Humanos (PNDH) pretenda regular a m&iacute;dia, mas defendeu a discuss&atilde;o de &ldquo;crit&eacute;rios de aperfei&ccedil;oamento&rdquo;. &ldquo;N&atilde;o &eacute; regulamentar. A nossa ideia &eacute; mostrar que &eacute; preciso ter uma discuss&atilde;o com a imprensa que n&atilde;o envolva o cerceamento ou o &hellip; <a href=\"https:\/\/obscom.intervozes.org.br\/?p=24123\" class=\"more-link\">Continue lendo <span class=\"screen-reader-text\">Vannuchi nega regula\u00e7\u00e3o e quer debater PNDH com a m\u00eddia<\/span> <span class=\"meta-nav\">&rarr;<\/span><\/a><\/p>\n","protected":false},"author":1,"featured_media":0,"comment_status":"open","ping_status":"open","sticky":false,"template":"","format":"standard","meta":{"footnotes":""},"categories":[40],"tags":[1196],"_links":{"self":[{"href":"https:\/\/obscom.intervozes.org.br\/index.php?rest_route=\/wp\/v2\/posts\/24123"}],"collection":[{"href":"https:\/\/obscom.intervozes.org.br\/index.php?rest_route=\/wp\/v2\/posts"}],"about":[{"href":"https:\/\/obscom.intervozes.org.br\/index.php?rest_route=\/wp\/v2\/types\/post"}],"author":[{"embeddable":true,"href":"https:\/\/obscom.intervozes.org.br\/index.php?rest_route=\/wp\/v2\/users\/1"}],"replies":[{"embeddable":true,"href":"https:\/\/obscom.intervozes.org.br\/index.php?rest_route=%2Fwp%2Fv2%2Fcomments&post=24123"}],"version-history":[{"count":0,"href":"https:\/\/obscom.intervozes.org.br\/index.php?rest_route=\/wp\/v2\/posts\/24123\/revisions"}],"wp:attachment":[{"href":"https:\/\/obscom.intervozes.org.br\/index.php?rest_route=%2Fwp%2Fv2%2Fmedia&parent=24123"}],"wp:term":[{"taxonomy":"category","embeddable":true,"href":"https:\/\/obscom.intervozes.org.br\/index.php?rest_route=%2Fwp%2Fv2%2Fcategories&post=24123"},{"taxonomy":"post_tag","embeddable":true,"href":"https:\/\/obscom.intervozes.org.br\/index.php?rest_route=%2Fwp%2Fv2%2Ftags&post=24123"}],"curies":[{"name":"wp","href":"https:\/\/api.w.org\/{rel}","templated":true}]}}