{"id":24122,"date":"2010-03-22T14:08:57","date_gmt":"2010-03-22T14:08:57","guid":{"rendered":"https:\/\/obscom.intervozes.org.br\/wordpress\/?p=24122"},"modified":"2010-03-22T14:08:57","modified_gmt":"2010-03-22T14:08:57","slug":"tv-globo-vai-abrir-escola-tecnica-de-midia-eletronica","status":"publish","type":"post","link":"https:\/\/obscom.intervozes.org.br\/?p=24122","title":{"rendered":"TV Globo vai abrir escola t\u00e9cnica de m\u00eddia eletr\u00f4nica"},"content":{"rendered":"<p>   \t \t \t \t \t<!-- \t\t@page { margin: 2cm } \t\tP { margin-bottom: 0.21cm } \t--> \t  <\/p>\n<p style=\"margin-bottom: 0cm\" class=\"padrao\">As Organiza&ccedil;&otilde;es Globo assinaram um conv&ecirc;nio com o Governo de S&atilde;o Paulo para a implanta&ccedil;&atilde;o de uma escola t&eacute;cnica (Etec) voltada para a m&iacute;dia eletr&ocirc;nica. O conv&ecirc;nio foi assinado nesta sexta-feira (19\/03), por Roberto Irineu Marinho, presidente das Organiza&ccedil;&otilde;es Globo, e Jos&eacute; Serra (PSDB), governador do estado.<\/p>\n<p>A escola dever&aacute; ser constru&iacute;da pela TV Globo, em parceria com o Centro Paula Souza, do governo paulista, e a Funda&ccedil;&atilde;o Roberto Marinho. A Etec&nbsp;vai funcionar&nbsp;na regi&atilde;o do Brooklin, perto dos est&uacute;dios da Globo, e deve ficar pronta em 2011. A emissora, que doou o terreno e ser&aacute; respons&aacute;vel pela constru&ccedil;&atilde;o, ainda n&atilde;o divulgou o valor do investimento.<\/p>\n<p>Ser&atilde;o oferecidas&nbsp;240 vagas para cursos de Multim&iacute;dia, com dura&ccedil;&atilde;o de tr&ecirc;s semestres, e Produ&ccedil;&atilde;o de &Aacute;udio e V&iacute;deo, com dura&ccedil;&atilde;o de quatro semestres. O Centro Paula Souza ficar&aacute; respons&aacute;vel pelo processo seletivo, contrata&ccedil;&atilde;o de professores e infra-estrutura.<\/p>\n<p>&ldquo;&Eacute; uma Etec pioneira. S&atilde;o cursos inovadores de dois anos, que ter&atilde;o uma demanda muito grande. Cada aluno deve custar R$ 3,5 mil por ano, uma produtividade alt&iacute;ssima. Ter boa m&atilde;o de obra qualificada, for&ccedil;a de trabalho preparada, &eacute; bom pra quem trabalha e para quem emprega&rdquo;, afirmou Serra.<\/p>\n<p>Roberto Irineu Marinho disse que o conv&ecirc;nio com o Estado &eacute; uma forma de a&nbsp;empresa colaborar com o ensino profissionalizante. &ldquo;Esta &eacute; uma maneira de contribuir para a forma&ccedil;&atilde;o dos jovens. O ensino profissionalizante &eacute; essencial para o nosso pa&iacute;s&rdquo;, ressaltou o presidente das Organiza&ccedil;&otilde;es Globo.<\/p>\n<p>Al&eacute;m de Serra e Marinho, participaram da cerim&ocirc;nia o secret&aacute;rio de Desenvolvimento, Geraldo Alckmin; a diretora superintendente do Centro Paula Souza, Laura Lagan&aacute;; o secret&aacute;rio-geral da Funda&ccedil;&atilde;o Roberto Marinho, Hugo Barreto; e o diretor-geral da TV Globo, Oct&aacute;vio Florisbal.<\/p>\n","protected":false},"excerpt":{"rendered":"<p>As Organiza&ccedil;&otilde;es Globo assinaram um conv&ecirc;nio com o Governo de S&atilde;o Paulo para a implanta&ccedil;&atilde;o de uma escola t&eacute;cnica (Etec) voltada para a m&iacute;dia eletr&ocirc;nica. O conv&ecirc;nio foi assinado nesta sexta-feira (19\/03), por Roberto Irineu Marinho, presidente das Organiza&ccedil;&otilde;es Globo, e Jos&eacute; Serra (PSDB), governador do estado. A escola dever&aacute; ser constru&iacute;da pela TV Globo, &hellip; <a href=\"https:\/\/obscom.intervozes.org.br\/?p=24122\" class=\"more-link\">Continue lendo <span class=\"screen-reader-text\">TV Globo vai abrir escola t\u00e9cnica de m\u00eddia eletr\u00f4nica<\/span> <span class=\"meta-nav\">&rarr;<\/span><\/a><\/p>\n","protected":false},"author":1,"featured_media":0,"comment_status":"open","ping_status":"open","sticky":false,"template":"","format":"standard","meta":{"footnotes":""},"categories":[40],"tags":[1267],"_links":{"self":[{"href":"https:\/\/obscom.intervozes.org.br\/index.php?rest_route=\/wp\/v2\/posts\/24122"}],"collection":[{"href":"https:\/\/obscom.intervozes.org.br\/index.php?rest_route=\/wp\/v2\/posts"}],"about":[{"href":"https:\/\/obscom.intervozes.org.br\/index.php?rest_route=\/wp\/v2\/types\/post"}],"author":[{"embeddable":true,"href":"https:\/\/obscom.intervozes.org.br\/index.php?rest_route=\/wp\/v2\/users\/1"}],"replies":[{"embeddable":true,"href":"https:\/\/obscom.intervozes.org.br\/index.php?rest_route=%2Fwp%2Fv2%2Fcomments&post=24122"}],"version-history":[{"count":0,"href":"https:\/\/obscom.intervozes.org.br\/index.php?rest_route=\/wp\/v2\/posts\/24122\/revisions"}],"wp:attachment":[{"href":"https:\/\/obscom.intervozes.org.br\/index.php?rest_route=%2Fwp%2Fv2%2Fmedia&parent=24122"}],"wp:term":[{"taxonomy":"category","embeddable":true,"href":"https:\/\/obscom.intervozes.org.br\/index.php?rest_route=%2Fwp%2Fv2%2Fcategories&post=24122"},{"taxonomy":"post_tag","embeddable":true,"href":"https:\/\/obscom.intervozes.org.br\/index.php?rest_route=%2Fwp%2Fv2%2Ftags&post=24122"}],"curies":[{"name":"wp","href":"https:\/\/api.w.org\/{rel}","templated":true}]}}