{"id":24120,"date":"2010-03-22T14:01:31","date_gmt":"2010-03-22T14:01:31","guid":{"rendered":"https:\/\/obscom.intervozes.org.br\/wordpress\/?p=24120"},"modified":"2010-03-22T14:01:31","modified_gmt":"2010-03-22T14:01:31","slug":"pnbl-e-reativacao-da-telebras-sao-temas-de-tres-audiencias-publicas","status":"publish","type":"post","link":"https:\/\/obscom.intervozes.org.br\/?p=24120","title":{"rendered":"PNBL e reativa\u00e7\u00e3o da Telebr\u00e1s s\u00e3o temas de tr\u00eas audi\u00eancias p\u00fablicas"},"content":{"rendered":"<p>   \t \t \t \t \t<!-- \t\t@page { margin: 2cm } \t\tP { margin-bottom: 0.21cm } \t--> \t  <\/p>\n<p style=\"margin-bottom: 0cm\" class=\"padrao\">O Plano Nacional de Banda Larga (PNBL) e a reativa&ccedil;&atilde;o da Telebr&aacute;s ser&atilde;o temas de tr&ecirc;s audi&ecirc;ncias p&uacute;blicas na C&acirc;mara, a come&ccedil;ar dessa quarta-feira (24), na Comiss&atilde;o de Defesa do Consumidor. O objetivo &eacute; discutir o acesso a banda larga e suas implica&ccedil;&otilde;es na garantia do direito &agrave; informa&ccedil;&atilde;o da popula&ccedil;&atilde;o brasileira.<\/p>\n<p>O autor do requerimento, deputado Ivan Valente (PSol-SP), defende que modelo de regime p&uacute;blico para a internet, que vem sendo discutido h&aacute; alguns anos pela Anatel e pelo TCU, nos moldes do que acontece hoje com o servi&ccedil;o telef&ocirc;nico fixo comutado , pode facilitar o acesso. &ldquo;Se o mesmo ocorresse com a internet, recursos do Fust (Fundo de Universaliza&ccedil;&atilde;o dos Servi&ccedil;os de Telecomunica&ccedil;&otilde;es) poderiam ser utilizados para ampliar o acesso dos brasileiros &agrave; internet&rdquo;, argumenta.<\/p>\n<p>Para o parlamentar, as diretrizes para as pol&iacute;ticas de inclus&atilde;o digital devem ir al&eacute;m dos limites tra&ccedil;ados pelo mercado, de forma a garantir o acesso ao conhecimento pela popula&ccedil;&atilde;o brasileira e, consequentemente, o aumento das perspectivas de supera&ccedil;&atilde;o da exclus&atilde;o econ&ocirc;mica e social. Para o debate foram convidados o ministro das Comunica&ccedil;&otilde;es, H&eacute;lio Costa; o presidente da Anatel, Ronaldo Sardenberg; a representante do Idec, Lisa Gunn; o professor da UFRJ e especialista em telecomunica&ccedil;&otilde;es, Marcos Dantas; a advogada da Pro Teste, Fl&aacute;via Lefr&egrave;ve; o representante do CGI.br, Gustavo Gindre; e o presidente da Abranet (Associa&ccedil;&atilde;o Brasileira da Internet), Eduardo Parajo.<\/p>\n<p>No dia 30, a audi&ecirc;ncia p&uacute;blica ser&aacute; na Comiss&atilde;o de Ci&ecirc;ncia e Tecnologia, sob o tema &ldquo;Os efeitos, as implica&ccedil;&otilde;es e a viabilidade t&eacute;cnica e financeira da implementa&ccedil;&atilde;o do Plano Nacional de Banda Larga&rdquo;. O debate foi proposto pela deputada Lu&iacute;za Erundina (PSB-SP),&nbsp; e argumenta que o PNBL, em constru&ccedil;&atilde;o pelo governo, traz v&aacute;rias d&uacute;vidas que precisam ser apreciadas e acompanhadas pelo legislativo, especialmente nas quest&otilde;es relacionadas com a administra&ccedil;&atilde;o da rede p&uacute;blica, a participa&ccedil;&atilde;o estatal no processo e o papel reservado &agrave; iniciativa privada.<\/p>\n<p>Para essa audi&ecirc;ncia foram convidados, al&eacute;m do presidente da Anatel Ronaldo Sardenberg, o secret&aacute;rio de Telecomunica&ccedil;&otilde;es do Minicom, Roberto Pinto Martins; o presidente da Telebr&aacute;s, Jorge da Motta e Silva; o Secret&aacute;rio de Log&iacute;stica e Tecnologia da Informa&ccedil;&atilde;o do Minist&eacute;rio do Planejamento, Rog&eacute;rio Santanna; o presidente da Abrafix, Jos&eacute; Fernandes Pauletti; o presidente da Abranet, Eduardo Parajo; o presidente da Abrappit, Ricardo Sanchez; e o presidente da Ima (Inform&aacute;tica dos Munic&iacute;pios Associados), Pedro Jaime Ziller.<\/p>\n<p>No dia 6 de abril, nova audi&ecirc;ncia p&uacute;blica na Comiss&atilde;o de Defesa do Consumidor vai debater a situa&ccedil;&atilde;o atual da Telebr&aacute;s sob o ponto de vista dos seus acionistas e dos usu&aacute;rios dos servi&ccedil;os de telecomunica&ccedil;&otilde;es do pa&iacute;s. O objetivo &eacute; analisar a alta expressiva do pre&ccedil;o das a&ccedil;&otilde;es da estatal, depois de reiterados an&uacute;ncios da reativa&ccedil;&atilde;o da empresa pelo governo para gerir a rede de banda larga p&uacute;blica.<\/p>\n<p>Para essa audi&ecirc;ncia foram convidados os ministros Dilma Rousseff (Casa Civil) e H&eacute;lio Costa (Comunica&ccedil;&otilde;es), al&eacute;m do presidente da Telebr&aacute;s, Jorge da Motta e Silva; o secret&aacute;rio de Log&iacute;stica e Tecnologia da Informa&ccedil;&atilde;o do Minist&eacute;rio do Planejamento, Rog&eacute;rio Santanna; o propriet&aacute;rio da Star Overseas, Nelson dos Santos; e a presidente da Comiss&atilde;o de Valores Mobili&aacute;rios (CVM), Maria Helena Fernandes de Santana.<\/p>\n<p>Nessa &uacute;ltima audi&ecirc;ncia, dever&atilde;o participar os ministros interinos da Casa Civil e das Comunica&ccedil;&otilde;es, j&aacute; que os titulares ter&atilde;o se desincompatibilizado para disputar as elei&ccedil;&otilde;es.<\/p>\n<p><strong>Requerimentos<\/strong><\/p>\n<p>H&aacute;, ainda, dois requerimentos para serem aprovados. Um na CCT, da deputada Solange Amaral (DEM-RJ), solicitando informa&ccedil;&otilde;es ao ministro da Fazenda, Guido Mantega, acerca de opera&ccedil;&otilde;es envolvendo a&ccedil;&otilde;es da Telebr&aacute;s. E o outro, na CDC, do deputado Elismar Prado (PT-MG), requerendo a realiza&ccedil;&atilde;o de conjunta desta Comiss&atilde;o com a Comiss&atilde;o de Ci&ecirc;ncia e Tecnologia, Comunica&ccedil;&atilde;o e Inform&aacute;tica para debater a reativa&ccedil;&atilde;o da Telebr&aacute;s no Brasil e os impactos para os consumidores com a possibilidade de reduzir o pre&ccedil;o dos servi&ccedil;os de internet banda larga no Pa&iacute;s. Os dois requerimentos devem ser votados nessa semana.<\/p>\n","protected":false},"excerpt":{"rendered":"<p>O Plano Nacional de Banda Larga (PNBL) e a reativa&ccedil;&atilde;o da Telebr&aacute;s ser&atilde;o temas de tr&ecirc;s audi&ecirc;ncias p&uacute;blicas na C&acirc;mara, a come&ccedil;ar dessa quarta-feira (24), na Comiss&atilde;o de Defesa do Consumidor. O objetivo &eacute; discutir o acesso a banda larga e suas implica&ccedil;&otilde;es na garantia do direito &agrave; informa&ccedil;&atilde;o da popula&ccedil;&atilde;o brasileira. O autor do &hellip; <a href=\"https:\/\/obscom.intervozes.org.br\/?p=24120\" class=\"more-link\">Continue lendo <span class=\"screen-reader-text\">PNBL e reativa\u00e7\u00e3o da Telebr\u00e1s s\u00e3o temas de tr\u00eas audi\u00eancias p\u00fablicas<\/span> <span class=\"meta-nav\">&rarr;<\/span><\/a><\/p>\n","protected":false},"author":1,"featured_media":0,"comment_status":"open","ping_status":"open","sticky":false,"template":"","format":"standard","meta":{"footnotes":""},"categories":[40],"tags":[268],"_links":{"self":[{"href":"https:\/\/obscom.intervozes.org.br\/index.php?rest_route=\/wp\/v2\/posts\/24120"}],"collection":[{"href":"https:\/\/obscom.intervozes.org.br\/index.php?rest_route=\/wp\/v2\/posts"}],"about":[{"href":"https:\/\/obscom.intervozes.org.br\/index.php?rest_route=\/wp\/v2\/types\/post"}],"author":[{"embeddable":true,"href":"https:\/\/obscom.intervozes.org.br\/index.php?rest_route=\/wp\/v2\/users\/1"}],"replies":[{"embeddable":true,"href":"https:\/\/obscom.intervozes.org.br\/index.php?rest_route=%2Fwp%2Fv2%2Fcomments&post=24120"}],"version-history":[{"count":0,"href":"https:\/\/obscom.intervozes.org.br\/index.php?rest_route=\/wp\/v2\/posts\/24120\/revisions"}],"wp:attachment":[{"href":"https:\/\/obscom.intervozes.org.br\/index.php?rest_route=%2Fwp%2Fv2%2Fmedia&parent=24120"}],"wp:term":[{"taxonomy":"category","embeddable":true,"href":"https:\/\/obscom.intervozes.org.br\/index.php?rest_route=%2Fwp%2Fv2%2Fcategories&post=24120"},{"taxonomy":"post_tag","embeddable":true,"href":"https:\/\/obscom.intervozes.org.br\/index.php?rest_route=%2Fwp%2Fv2%2Ftags&post=24120"}],"curies":[{"name":"wp","href":"https:\/\/api.w.org\/{rel}","templated":true}]}}