{"id":24116,"date":"2010-03-19T17:16:36","date_gmt":"2010-03-19T17:16:36","guid":{"rendered":"https:\/\/obscom.intervozes.org.br\/wordpress\/?p=24116"},"modified":"2010-03-19T17:16:36","modified_gmt":"2010-03-19T17:16:36","slug":"para-vannuchi-regulacao-da-midia-e-fundamental-para-democracia","status":"publish","type":"post","link":"https:\/\/obscom.intervozes.org.br\/?p=24116","title":{"rendered":"Para Vannuchi, regula\u00e7\u00e3o da m\u00eddia \u00e9 fundamental para democracia"},"content":{"rendered":"<p><span class=\"padrao\"><strong>Reproduzido do Portal Imprensa<\/strong><\/p>\n<p>O ministro da Secretaria Especial de Direitos Humanos, Paulo Vannuchi, afirmou que &eacute; fundamental para a democracia estabelecer um modelo de regula&ccedil;&atilde;o da m&iacute;dia.<\/p>\n<p>A declara&ccedil;&atilde;o foi dada durante debate sobre o Plano Nacional de Direitos Humanos, nesta quita-feira (18\/03), na USP. De acordo com o ministro, os ve&iacute;culos de comunica&ccedil;&atilde;o se comportam como um quarto poder e, portanto, devem ser controlados.<\/p>\n<p>&ldquo;Esse quarto poder tem que entrar na roda para ser submetido ao mesmo sistema de controles rec&iacute;procos&rdquo;, afirmou.<\/p>\n<p>O ministro criticou a ideia da cria&ccedil;&atilde;o de uma empresa de comunica&ccedil;&atilde;o subordinada ao governo como forma de solucionar a quest&atilde;o da comunica&ccedil;&atilde;o.<\/p>\n<p>&ldquo;N&atilde;o &eacute; criando uma bela TV estatal que vamos resolver o problema. Onde isso foi feito, n&atilde;o se criou um sistema melhor do que esse que tem a&iacute;&rdquo;, disse.<\/p>\n<p><em>Com informa&ccedil;&otilde;es da Ag&ecirc;ncia Brasil.<\/em><\/span><\/p>\n","protected":false},"excerpt":{"rendered":"<p>Reproduzido do Portal Imprensa O ministro da Secretaria Especial de Direitos Humanos, Paulo Vannuchi, afirmou que &eacute; fundamental para a democracia estabelecer um modelo de regula&ccedil;&atilde;o da m&iacute;dia. A declara&ccedil;&atilde;o foi dada durante debate sobre o Plano Nacional de Direitos Humanos, nesta quita-feira (18\/03), na USP. De acordo com o ministro, os ve&iacute;culos de comunica&ccedil;&atilde;o &hellip; <a href=\"https:\/\/obscom.intervozes.org.br\/?p=24116\" class=\"more-link\">Continue lendo <span class=\"screen-reader-text\">Para Vannuchi, regula\u00e7\u00e3o da m\u00eddia \u00e9 fundamental para democracia<\/span> <span class=\"meta-nav\">&rarr;<\/span><\/a><\/p>\n","protected":false},"author":1,"featured_media":0,"comment_status":"open","ping_status":"open","sticky":false,"template":"","format":"standard","meta":{"footnotes":""},"categories":[39],"tags":[],"_links":{"self":[{"href":"https:\/\/obscom.intervozes.org.br\/index.php?rest_route=\/wp\/v2\/posts\/24116"}],"collection":[{"href":"https:\/\/obscom.intervozes.org.br\/index.php?rest_route=\/wp\/v2\/posts"}],"about":[{"href":"https:\/\/obscom.intervozes.org.br\/index.php?rest_route=\/wp\/v2\/types\/post"}],"author":[{"embeddable":true,"href":"https:\/\/obscom.intervozes.org.br\/index.php?rest_route=\/wp\/v2\/users\/1"}],"replies":[{"embeddable":true,"href":"https:\/\/obscom.intervozes.org.br\/index.php?rest_route=%2Fwp%2Fv2%2Fcomments&post=24116"}],"version-history":[{"count":0,"href":"https:\/\/obscom.intervozes.org.br\/index.php?rest_route=\/wp\/v2\/posts\/24116\/revisions"}],"wp:attachment":[{"href":"https:\/\/obscom.intervozes.org.br\/index.php?rest_route=%2Fwp%2Fv2%2Fmedia&parent=24116"}],"wp:term":[{"taxonomy":"category","embeddable":true,"href":"https:\/\/obscom.intervozes.org.br\/index.php?rest_route=%2Fwp%2Fv2%2Fcategories&post=24116"},{"taxonomy":"post_tag","embeddable":true,"href":"https:\/\/obscom.intervozes.org.br\/index.php?rest_route=%2Fwp%2Fv2%2Ftags&post=24116"}],"curies":[{"name":"wp","href":"https:\/\/api.w.org\/{rel}","templated":true}]}}