{"id":24102,"date":"2010-03-17T17:43:15","date_gmt":"2010-03-17T17:43:15","guid":{"rendered":"https:\/\/obscom.intervozes.org.br\/wordpress\/?p=24102"},"modified":"2010-03-17T17:43:15","modified_gmt":"2010-03-17T17:43:15","slug":"prefeitura-de-barueri-retira-acao-e-cqc-pode-exibir-quadro-proteste-ja","status":"publish","type":"post","link":"https:\/\/obscom.intervozes.org.br\/?p=24102","title":{"rendered":"Prefeitura de Barueri retira a\u00e7\u00e3o e CQC pode exibir quadro &#8220;Proteste J\u00e1&#8221;"},"content":{"rendered":"<p>   \t \t \t \t \t<!-- \t\t@page { margin: 2cm } \t\tP { margin-bottom: 0.21cm } \t--> \t  <\/p>\n<p style=\"margin-bottom: 0cm\" class=\"padrao\">A Prefeitura de Barueri desistiu da a&ccedil;&atilde;o que movia contra a Band, que impedia veicula&ccedil;&atilde;o de uma mat&eacute;ria do quadro &ldquo;Proteste J&aacute;&rdquo;, do programa CQC. Por meio de assessoria, informa que a desist&ecirc;ncia se deu ap&oacute;s o prefeito tomar conhecimento do conte&uacute;do da reportagem.<\/p>\n<p>A mat&eacute;ria questiona o desvio de um aparelho de TV, doado a uma escola p&uacute;blica do munic&iacute;pio. Na a&ccedil;&atilde;o, a prefeitura exigia que o quadro s&oacute; fosse exibido ap&oacute;s&nbsp;ter o direito de resposta. O apresentador do CQC , Marcelo Tas, classificou o ato como &quot;censura pr&eacute;via&quot; e&nbsp;explicou que a&nbsp;reportagem ouviu todos os envolvidos.<\/p>\n<p>De acordo com a assessoria, n&atilde;o houve censura, j&aacute; que a Prefeitura n&atilde;o tem &ldquo;poder para isso&rdquo;. A a&ccedil;&atilde;o foi movida&nbsp;apenas porque n&atilde;o se sabia o conte&uacute;do da mat&eacute;ria, que poderia ser &ldquo;debochada&rdquo; ou &ldquo;desrespeitosa&rdquo;, e prejudicar a imagem da institui&ccedil;&atilde;o e dos servidores p&uacute;blicos.<\/p>\n<p>A assessoria tamb&eacute;m informa que, ap&oacute;s a pol&ecirc;mica, o prefeito do munic&iacute;pio, Rubens Furlan, concedeu entrevista a Danilo Gentili, na ter&ccedil;a-feira (16\/03), recomendando que a TV fosse encaminhada para&nbsp;a rede municipal de ensino. O &oacute;rg&atilde;o&nbsp;afirma&nbsp;ainda que&nbsp;a Secretaria de Educa&ccedil;&atilde;o instaurou uma sindic&acirc;ncia para apurar os respons&aacute;veis pelo desvio do aparelho, que poder&atilde;o ser advertidos ou exonerados.<\/p>\n","protected":false},"excerpt":{"rendered":"<p>A Prefeitura de Barueri desistiu da a&ccedil;&atilde;o que movia contra a Band, que impedia veicula&ccedil;&atilde;o de uma mat&eacute;ria do quadro &ldquo;Proteste J&aacute;&rdquo;, do programa CQC. Por meio de assessoria, informa que a desist&ecirc;ncia se deu ap&oacute;s o prefeito tomar conhecimento do conte&uacute;do da reportagem. A mat&eacute;ria questiona o desvio de um aparelho de TV, doado &hellip; <a href=\"https:\/\/obscom.intervozes.org.br\/?p=24102\" class=\"more-link\">Continue lendo <span class=\"screen-reader-text\">Prefeitura de Barueri retira a\u00e7\u00e3o e CQC pode exibir quadro &#8220;Proteste J\u00e1&#8221;<\/span> <span class=\"meta-nav\">&rarr;<\/span><\/a><\/p>\n","protected":false},"author":1,"featured_media":0,"comment_status":"open","ping_status":"open","sticky":false,"template":"","format":"standard","meta":{"footnotes":""},"categories":[40],"tags":[1208],"_links":{"self":[{"href":"https:\/\/obscom.intervozes.org.br\/index.php?rest_route=\/wp\/v2\/posts\/24102"}],"collection":[{"href":"https:\/\/obscom.intervozes.org.br\/index.php?rest_route=\/wp\/v2\/posts"}],"about":[{"href":"https:\/\/obscom.intervozes.org.br\/index.php?rest_route=\/wp\/v2\/types\/post"}],"author":[{"embeddable":true,"href":"https:\/\/obscom.intervozes.org.br\/index.php?rest_route=\/wp\/v2\/users\/1"}],"replies":[{"embeddable":true,"href":"https:\/\/obscom.intervozes.org.br\/index.php?rest_route=%2Fwp%2Fv2%2Fcomments&post=24102"}],"version-history":[{"count":0,"href":"https:\/\/obscom.intervozes.org.br\/index.php?rest_route=\/wp\/v2\/posts\/24102\/revisions"}],"wp:attachment":[{"href":"https:\/\/obscom.intervozes.org.br\/index.php?rest_route=%2Fwp%2Fv2%2Fmedia&parent=24102"}],"wp:term":[{"taxonomy":"category","embeddable":true,"href":"https:\/\/obscom.intervozes.org.br\/index.php?rest_route=%2Fwp%2Fv2%2Fcategories&post=24102"},{"taxonomy":"post_tag","embeddable":true,"href":"https:\/\/obscom.intervozes.org.br\/index.php?rest_route=%2Fwp%2Fv2%2Ftags&post=24102"}],"curies":[{"name":"wp","href":"https:\/\/api.w.org\/{rel}","templated":true}]}}