{"id":24096,"date":"2010-03-17T16:52:01","date_gmt":"2010-03-17T16:52:01","guid":{"rendered":"https:\/\/obscom.intervozes.org.br\/wordpress\/?p=24096"},"modified":"2010-03-17T16:52:01","modified_gmt":"2010-03-17T16:52:01","slug":"para-fcc-espectro-e-prioridade-para-banda-larga-e-radiodifusao-esta-na-mira","status":"publish","type":"post","link":"https:\/\/obscom.intervozes.org.br\/?p=24096","title":{"rendered":"Para FCC, espectro \u00e9 prioridade para banda larga e radiodifus\u00e3o est\u00e1 na mira"},"content":{"rendered":"<p>   \t \t \t \t \t<!-- \t\t@page { margin: 2cm } \t\tP { margin-bottom: 0.21cm } \t--> \t  <\/p>\n<p style=\"margin-bottom: 0cm\" class=\"padrao\">Uma das partes centrais do plano anunciado pela FCC para tornar a banda larga universal dos EUA diz respeito a espectro, e o &oacute;rg&atilde;o regulador norte-americano est&aacute; preocupado: hoje, h&aacute; uma reserva de apenas 50 MHz para a amplia&ccedil;&atilde;o dos servi&ccedil;os wireless. A FCC quer viabilizar pelo menos 500 MHz nos pr&oacute;ximos anos, sendo que 300 MHz devem ser liberados em cinco anos para servi&ccedil;os m&oacute;veis e devem estar na faixa entre 225 MHz e 3,7 GHz. Boa parte desse espectro a ser liberado est&aacute; na m&atilde;o dos radiodifusores. A FCC entende que com uma estrutura regulat&oacute;ria adequada, as emissoras de TV podem compartilhar canais de 6 MHz sem preju&iacute;zo das transmiss&otilde;es de alta defini&ccedil;&atilde;o e da mobilidade. Outra possibilidade em estudo &eacute; celularizar as redes de radiodifus&atilde;o para permitir o uso das faixas de prote&ccedil;&atilde;o.<\/p>\n","protected":false},"excerpt":{"rendered":"<p>Uma das partes centrais do plano anunciado pela FCC para tornar a banda larga universal dos EUA diz respeito a espectro, e o &oacute;rg&atilde;o regulador norte-americano est&aacute; preocupado: hoje, h&aacute; uma reserva de apenas 50 MHz para a amplia&ccedil;&atilde;o dos servi&ccedil;os wireless. A FCC quer viabilizar pelo menos 500 MHz nos pr&oacute;ximos anos, sendo que &hellip; <a href=\"https:\/\/obscom.intervozes.org.br\/?p=24096\" class=\"more-link\">Continue lendo <span class=\"screen-reader-text\">Para FCC, espectro \u00e9 prioridade para banda larga e radiodifus\u00e3o est\u00e1 na mira<\/span> <span class=\"meta-nav\">&rarr;<\/span><\/a><\/p>\n","protected":false},"author":1,"featured_media":0,"comment_status":"open","ping_status":"open","sticky":false,"template":"","format":"standard","meta":{"footnotes":""},"categories":[40],"tags":[1117],"_links":{"self":[{"href":"https:\/\/obscom.intervozes.org.br\/index.php?rest_route=\/wp\/v2\/posts\/24096"}],"collection":[{"href":"https:\/\/obscom.intervozes.org.br\/index.php?rest_route=\/wp\/v2\/posts"}],"about":[{"href":"https:\/\/obscom.intervozes.org.br\/index.php?rest_route=\/wp\/v2\/types\/post"}],"author":[{"embeddable":true,"href":"https:\/\/obscom.intervozes.org.br\/index.php?rest_route=\/wp\/v2\/users\/1"}],"replies":[{"embeddable":true,"href":"https:\/\/obscom.intervozes.org.br\/index.php?rest_route=%2Fwp%2Fv2%2Fcomments&post=24096"}],"version-history":[{"count":0,"href":"https:\/\/obscom.intervozes.org.br\/index.php?rest_route=\/wp\/v2\/posts\/24096\/revisions"}],"wp:attachment":[{"href":"https:\/\/obscom.intervozes.org.br\/index.php?rest_route=%2Fwp%2Fv2%2Fmedia&parent=24096"}],"wp:term":[{"taxonomy":"category","embeddable":true,"href":"https:\/\/obscom.intervozes.org.br\/index.php?rest_route=%2Fwp%2Fv2%2Fcategories&post=24096"},{"taxonomy":"post_tag","embeddable":true,"href":"https:\/\/obscom.intervozes.org.br\/index.php?rest_route=%2Fwp%2Fv2%2Ftags&post=24096"}],"curies":[{"name":"wp","href":"https:\/\/api.w.org\/{rel}","templated":true}]}}