{"id":24091,"date":"2010-03-17T15:39:33","date_gmt":"2010-03-17T15:39:33","guid":{"rendered":"https:\/\/obscom.intervozes.org.br\/wordpress\/?p=24091"},"modified":"2010-03-17T15:39:33","modified_gmt":"2010-03-17T15:39:33","slug":"nova-lei-do-fust-entra-na-lista-prioritaria-de-votacao-da-camara","status":"publish","type":"post","link":"https:\/\/obscom.intervozes.org.br\/?p=24091","title":{"rendered":"Nova Lei do Fust entra na lista priorit\u00e1ria de vota\u00e7\u00e3o da C\u00e2mara"},"content":{"rendered":"<p>   \t \t \t \t \t<!-- \t\t@page { margin: 2cm } \t\tP { margin-bottom: 0.21cm } \t--> \t  <\/p>\n<p style=\"margin-bottom: 0cm\" class=\"padrao\">O interesse do governo federal em ver aprovado o PL 1.481\/2007 ainda em 2010 j&aacute; havia sido manifestado pelo presidente Luiz In&aacute;cio Lula da Silva na Mensagem ao Congresso que abriu os trabalhos do parlamento no in&iacute;cio do ano. E agora, os deputados tamb&eacute;m decidiram colocar o projeto, mais conhecido como nova Lei do Fust, na lista de prioridades. A proposta est&aacute; entre os 10 projetos de lei que ser&atilde;o votados prioritariamente no Plen&aacute;rio da C&acirc;mara dos Deputados nesta ou na pr&oacute;xima semana. <\/p>\n<p>A decis&atilde;o foi tomada pelo col&eacute;gio de l&iacute;deres partid&aacute;rios, que se reuniu nesta ter&ccedil;a-feira, 16, com o presidente da C&acirc;mara, Michel Temer (PMDB\/SP), para definir a pauta de trabalhos para as pr&oacute;ximas duas semanas. Segundo informa&ccedil;&otilde;es da Ag&ecirc;ncia C&acirc;mara, tamb&eacute;m ficou estabelecido neste encontro que os parlamentares n&atilde;o far&atilde;o obstru&ccedil;&atilde;o nas vota&ccedil;&otilde;es das duas medidas provis&oacute;rias que est&atilde;o trancando a pauta do Plen&aacute;rio. <\/p>\n<p>O acordo para que n&atilde;o haja obstru&ccedil;&atilde;o &eacute; importante para que a pauta estabelecida possa, de fato, ser cumprida nas pr&oacute;ximas semanas sem atraso. Quando um partido entra em obstru&ccedil;&atilde;o, seus deputados n&atilde;o s&atilde;o contados para a composi&ccedil;&atilde;o do qu&oacute;rum de vota&ccedil;&atilde;o o que, muitas vezes, inviabiliza a decis&atilde;o. <\/p>\n<p>O PL 1.481\/2007 &eacute; de autoria do senador Aloizio Mercadante (PT\/SP), mas passou por profundas mudan&ccedil;as na C&acirc;mara dos Deputados. O objetivo inicial do projeto era assegurar que as escolas p&uacute;blicas tivessem acesso &agrave; Internet, usando para isso os recursos do Fust. Na C&acirc;mara, o deputado-relator, Paulo Henrique Lustosa (PMDB\/CE), ampliou o escopo da proposta, permitindo que o Fust financie diversos projetos de massifica&ccedil;&atilde;o de banda larga, inclusive por meio de subs&iacute;dio direto aos consumidores. <\/p>\n<p>Essa amplia&ccedil;&atilde;o tem sido vista com bons olhos pelo governo, que pretende usar o Fust para financiar seu Plano Nacional de Banda Larga (PNBL). Desde que foi criado, em 1999, o fundo de universaliza&ccedil;&atilde;o das telecomunica&ccedil;&otilde;es foi usado uma &uacute;nica vez em um projeto de acessibilidade que necessitou de apenas 0,1% do total de recursos acumulados na &eacute;poca. Atualmente, o fundo possui mais de R$ 7 bilh&otilde;es arrecadados e cresce cerca de R$ 700 milh&otilde;es ao ano.<\/p>\n","protected":false},"excerpt":{"rendered":"<p>O interesse do governo federal em ver aprovado o PL 1.481\/2007 ainda em 2010 j&aacute; havia sido manifestado pelo presidente Luiz In&aacute;cio Lula da Silva na Mensagem ao Congresso que abriu os trabalhos do parlamento no in&iacute;cio do ano. E agora, os deputados tamb&eacute;m decidiram colocar o projeto, mais conhecido como nova Lei do Fust, &hellip; <a href=\"https:\/\/obscom.intervozes.org.br\/?p=24091\" class=\"more-link\">Continue lendo <span class=\"screen-reader-text\">Nova Lei do Fust entra na lista priorit\u00e1ria de vota\u00e7\u00e3o da C\u00e2mara<\/span> <span class=\"meta-nav\">&rarr;<\/span><\/a><\/p>\n","protected":false},"author":1,"featured_media":0,"comment_status":"open","ping_status":"open","sticky":false,"template":"","format":"standard","meta":{"footnotes":""},"categories":[40],"tags":[1253],"_links":{"self":[{"href":"https:\/\/obscom.intervozes.org.br\/index.php?rest_route=\/wp\/v2\/posts\/24091"}],"collection":[{"href":"https:\/\/obscom.intervozes.org.br\/index.php?rest_route=\/wp\/v2\/posts"}],"about":[{"href":"https:\/\/obscom.intervozes.org.br\/index.php?rest_route=\/wp\/v2\/types\/post"}],"author":[{"embeddable":true,"href":"https:\/\/obscom.intervozes.org.br\/index.php?rest_route=\/wp\/v2\/users\/1"}],"replies":[{"embeddable":true,"href":"https:\/\/obscom.intervozes.org.br\/index.php?rest_route=%2Fwp%2Fv2%2Fcomments&post=24091"}],"version-history":[{"count":0,"href":"https:\/\/obscom.intervozes.org.br\/index.php?rest_route=\/wp\/v2\/posts\/24091\/revisions"}],"wp:attachment":[{"href":"https:\/\/obscom.intervozes.org.br\/index.php?rest_route=%2Fwp%2Fv2%2Fmedia&parent=24091"}],"wp:term":[{"taxonomy":"category","embeddable":true,"href":"https:\/\/obscom.intervozes.org.br\/index.php?rest_route=%2Fwp%2Fv2%2Fcategories&post=24091"},{"taxonomy":"post_tag","embeddable":true,"href":"https:\/\/obscom.intervozes.org.br\/index.php?rest_route=%2Fwp%2Fv2%2Ftags&post=24091"}],"curies":[{"name":"wp","href":"https:\/\/api.w.org\/{rel}","templated":true}]}}