{"id":24087,"date":"2010-03-16T17:16:05","date_gmt":"2010-03-16T17:16:05","guid":{"rendered":"https:\/\/obscom.intervozes.org.br\/wordpress\/?p=24087"},"modified":"2010-03-16T17:16:05","modified_gmt":"2010-03-16T17:16:05","slug":"associacao-de-deficientes-fisicos-perde-recurso-em-acao-contra-a-tv-globo","status":"publish","type":"post","link":"https:\/\/obscom.intervozes.org.br\/?p=24087","title":{"rendered":"Associa\u00e7\u00e3o de deficientes f\u00edsicos perde recurso em a\u00e7\u00e3o contra a TV Globo"},"content":{"rendered":"<p>   \t \t \t \t \t<!-- \t\t@page { margin: 2cm } \t\tP { margin-bottom: 0.21cm } \t--> \t  <\/p>\n<p style=\"margin-bottom: 0cm\" class=\"padrao\">Foi negado recurso em a&ccedil;&atilde;o movida pela representa&ccedil;&atilde;o dos deficientes f&iacute;sicos do Paran&aacute; contra a TV Globo por quadro humor&iacute;stico apresentado no programa &quot;Fant&aacute;stico&quot;, em 2004. <\/p>\n<p>Na ocasi&atilde;o, a emissora promoveu um concurso para eleger o melhor humorista amador. O vencedor apresentou quadro no dominical da emissora e utilizou caracter&iacute;sticas de deficientes f&iacute;sicos para sustentar sua personagem. <\/p>\n<p>Na a&ccedil;&atilde;o,&nbsp;movida pela Federa&ccedil;&atilde;o das Entidades de Pessoas Portadoras de Defici&ecirc;ncia F&iacute;sica do Estado do Paran&aacute; (Defipar), e pela&nbsp;sua representa&ccedil;&atilde;o regional, a Associa&ccedil;&atilde;o dos&nbsp;Deficientes F&iacute;sicos de Apucarana (Adefiap),&nbsp;as entidades alegam que o humorista foi discriminat&oacute;rio, o que teria causado constrangimento aos portadores de defici&ecirc;ncia. <\/p>\n<p>No entedimento do relator do caso, juiz Jos&eacute; Sebasti&atilde;o Fagundes Cunha, da 8&ordf; C&acirc;mara C&iacute;vel do Tribunal de Justi&ccedil;a da cidade de Curitiba, a a&ccedil;&atilde;o seria leg&iacute;tima apenas se a suposta ofensa fosse direcionada a uma pessoa, em concord&acirc;ncia com o voto do desembargador Guimar&atilde;es da Costa.<\/p>\n<p>Sob a alega&ccedil;&atilde;o da representa&ccedil;&atilde;o a respeito do concurso ter contribu&iacute;do para exclus&atilde;o dos deficientes, o juiz sublinhou que tratar o tema como intoc&aacute;vel o distancia do debate p&uacute;blico. &quot;A meu ver, a exclus&atilde;o social &eacute; constru&iacute;da no inconsciente coletivo com a fixa&ccedil;&atilde;o da id&eacute;ia da diferen&ccedil;a, da impossibilidade de se tocar no assunto&quot;. <\/p>\n<p>O juiz cita tamb&eacute;m uma frase do humorista Danilo Gentili &agrave; &eacute;poca de coment&aacute;rio em seu perfil no Twitter, quando associou a personagem King Kong a jogadores de futebol.&quot;O politicamente correto est&aacute; deixando as pessoas idiotas&quot;, rememorou o juiz nos autos.<\/p>\n<p>A presidente da Defipar e da Adefiap, Em&iacute;lia Cretuchi Quantin, disse &agrave; reportagem que a decis&atilde;o &eacute; &quot;lament&aacute;vel&quot;. Para ela, mesmo tratando-se de abordagem humor&iacute;stica, o fato n&atilde;o inocenta a inten&ccedil;&atilde;o jocosa, pois fora apresentado por pessoa que n&atilde;o apresentava defici&ecirc;ncia. &quot;N&oacute;s [deficientes] podemos falar de nossas defici&ecirc;ncias&quot;, afirmou a presidente.<\/p>\n<p>Questionada se&nbsp;a exposi&ccedil;&atilde;o de portadores de defici&ecirc;ncia em programas de TV seria ben&eacute;fica ao tema, Em&iacute;lia afirmou que,&nbsp;na verdade, tal abordagem&nbsp;n&atilde;o &eacute;&nbsp;fidedigna&nbsp;&agrave; realidade dos deficientes. &quot;Abertura ao debate seria mostrar as reais dificuldades do deficiente; n&atilde;o s&oacute; os problemas do universo daquela mo&ccedil;a da novela&quot;, observou fazendo men&ccedil;&atilde;o &agrave; personagem Luciana, cadeirante interpretada&nbsp;pela atriz Aline Moraes na telenovela &quot;Viver a Vida&quot;, da TV Globo. <\/p>\n<p>Segundo Em&iacute;lia, a Defipar promover&aacute; reuni&atilde;o para decidir como ir&aacute; proceder em rela&ccedil;&atilde;o ao pedido indeferido.  <\/p>\n","protected":false},"excerpt":{"rendered":"<p>Foi negado recurso em a&ccedil;&atilde;o movida pela representa&ccedil;&atilde;o dos deficientes f&iacute;sicos do Paran&aacute; contra a TV Globo por quadro humor&iacute;stico apresentado no programa &quot;Fant&aacute;stico&quot;, em 2004. Na ocasi&atilde;o, a emissora promoveu um concurso para eleger o melhor humorista amador. O vencedor apresentou quadro no dominical da emissora e utilizou caracter&iacute;sticas de deficientes f&iacute;sicos para sustentar &hellip; <a href=\"https:\/\/obscom.intervozes.org.br\/?p=24087\" class=\"more-link\">Continue lendo <span class=\"screen-reader-text\">Associa\u00e7\u00e3o de deficientes f\u00edsicos perde recurso em a\u00e7\u00e3o contra a TV Globo<\/span> <span class=\"meta-nav\">&rarr;<\/span><\/a><\/p>\n","protected":false},"author":1,"featured_media":0,"comment_status":"open","ping_status":"open","sticky":false,"template":"","format":"standard","meta":{"footnotes":""},"categories":[40],"tags":[364],"_links":{"self":[{"href":"https:\/\/obscom.intervozes.org.br\/index.php?rest_route=\/wp\/v2\/posts\/24087"}],"collection":[{"href":"https:\/\/obscom.intervozes.org.br\/index.php?rest_route=\/wp\/v2\/posts"}],"about":[{"href":"https:\/\/obscom.intervozes.org.br\/index.php?rest_route=\/wp\/v2\/types\/post"}],"author":[{"embeddable":true,"href":"https:\/\/obscom.intervozes.org.br\/index.php?rest_route=\/wp\/v2\/users\/1"}],"replies":[{"embeddable":true,"href":"https:\/\/obscom.intervozes.org.br\/index.php?rest_route=%2Fwp%2Fv2%2Fcomments&post=24087"}],"version-history":[{"count":0,"href":"https:\/\/obscom.intervozes.org.br\/index.php?rest_route=\/wp\/v2\/posts\/24087\/revisions"}],"wp:attachment":[{"href":"https:\/\/obscom.intervozes.org.br\/index.php?rest_route=%2Fwp%2Fv2%2Fmedia&parent=24087"}],"wp:term":[{"taxonomy":"category","embeddable":true,"href":"https:\/\/obscom.intervozes.org.br\/index.php?rest_route=%2Fwp%2Fv2%2Fcategories&post=24087"},{"taxonomy":"post_tag","embeddable":true,"href":"https:\/\/obscom.intervozes.org.br\/index.php?rest_route=%2Fwp%2Fv2%2Ftags&post=24087"}],"curies":[{"name":"wp","href":"https:\/\/api.w.org\/{rel}","templated":true}]}}