{"id":24083,"date":"2010-03-16T14:51:31","date_gmt":"2010-03-16T14:51:31","guid":{"rendered":"https:\/\/obscom.intervozes.org.br\/wordpress\/?p=24083"},"modified":"2010-03-16T14:51:31","modified_gmt":"2010-03-16T14:51:31","slug":"conferencia-de-cultura-pede-acesso-a-internet-como-servico-publico","status":"publish","type":"post","link":"https:\/\/obscom.intervozes.org.br\/?p=24083","title":{"rendered":"Confer\u00eancia de cultura pede acesso a internet como servi\u00e7o p\u00fablico"},"content":{"rendered":"<p>   \t \t \t \t \t<!-- \t\t@page { margin: 2cm } \t\tP { margin-bottom: 0.21cm } \t--> \t  <\/p>\n<p style=\"margin-bottom: 0cm\" class=\"padrao\">Os participantes da II Confer&ecirc;ncia Nacional de Cultura (II CNC), realizada em Bras&iacute;lia, de 11 a 14 de mar&ccedil;o, elegeram a presta&ccedil;&atilde;o do servi&ccedil;o de acesso a internet em regime p&uacute;blico entre as 32 prioridades que nortear&atilde;o as pol&iacute;ticas p&uacute;blicas para o setor. E ainda defendeu a implanta&ccedil;&atilde;o do Plano Nacional de Banda Larga, a ser lan&ccedil;ado no pr&oacute;ximo m&ecirc;s pelo governo, como forma de conectar os pontos e equipamentos de cultura no pa&iacute;s.<\/p>\n<p>Segundo o Minist&eacute;rio da Cultura,aAs prioridades eleitas ser&atilde;o tratadas uma a uma, de acordo com sua natureza. Algumas poder&atilde;o servir para incrementar pol&iacute;ticas p&uacute;blicas j&aacute; existentes, outras devem se transformar em projetos de lei para envio ao Congresso Nacional ou, ainda, integrarem a&ccedil;&otilde;es interministeriais de estimulo a &aacute;reas afins, como cultura e educa&ccedil;&atilde;o, por exemplo.<\/p>\n<p>Ao todo, foram analisadas 347 propostas dentre as quais artistas, produtores culturais, investidores, gestores e representantes da sociedade de todos os setores da cultura e de todos os estados do Pa&iacute;s. Dos 883 delegados credenciados, 851 votaram por meio de c&eacute;dulas nas propostas priorit&aacute;rias.<\/p>\n<p>A aprova&ccedil;&atilde;o do marco regulat&oacute;rio da Cultura, que j&aacute; tramita no Congresso Nacional, foi a proposta mais votada (754 votos). O marco &eacute; composto principalmente pelo Sistema Nacional de Cultura (SNC),&nbsp; Plano Nacional de Cultura (PNC) e proposta de emenda constitucional (PEC) 150\/2003, que vincula &agrave; Cultura 2% da receita federal, 1,5% das estaduais e 1% das municipais. A proposta tamb&eacute;m explicita o apoio &agrave; aprova&ccedil;&atilde;o do Programa de Fomento e Incentivo &agrave; Cultura (Procultura), que atualiza a Lei Rouanet.<\/p>\n","protected":false},"excerpt":{"rendered":"<p>Os participantes da II Confer&ecirc;ncia Nacional de Cultura (II CNC), realizada em Bras&iacute;lia, de 11 a 14 de mar&ccedil;o, elegeram a presta&ccedil;&atilde;o do servi&ccedil;o de acesso a internet em regime p&uacute;blico entre as 32 prioridades que nortear&atilde;o as pol&iacute;ticas p&uacute;blicas para o setor. E ainda defendeu a implanta&ccedil;&atilde;o do Plano Nacional de Banda Larga, a &hellip; <a href=\"https:\/\/obscom.intervozes.org.br\/?p=24083\" class=\"more-link\">Continue lendo <span class=\"screen-reader-text\">Confer\u00eancia de cultura pede acesso a internet como servi\u00e7o p\u00fablico<\/span> <span class=\"meta-nav\">&rarr;<\/span><\/a><\/p>\n","protected":false},"author":1,"featured_media":0,"comment_status":"open","ping_status":"open","sticky":false,"template":"","format":"standard","meta":{"footnotes":""},"categories":[40],"tags":[1250],"_links":{"self":[{"href":"https:\/\/obscom.intervozes.org.br\/index.php?rest_route=\/wp\/v2\/posts\/24083"}],"collection":[{"href":"https:\/\/obscom.intervozes.org.br\/index.php?rest_route=\/wp\/v2\/posts"}],"about":[{"href":"https:\/\/obscom.intervozes.org.br\/index.php?rest_route=\/wp\/v2\/types\/post"}],"author":[{"embeddable":true,"href":"https:\/\/obscom.intervozes.org.br\/index.php?rest_route=\/wp\/v2\/users\/1"}],"replies":[{"embeddable":true,"href":"https:\/\/obscom.intervozes.org.br\/index.php?rest_route=%2Fwp%2Fv2%2Fcomments&post=24083"}],"version-history":[{"count":0,"href":"https:\/\/obscom.intervozes.org.br\/index.php?rest_route=\/wp\/v2\/posts\/24083\/revisions"}],"wp:attachment":[{"href":"https:\/\/obscom.intervozes.org.br\/index.php?rest_route=%2Fwp%2Fv2%2Fmedia&parent=24083"}],"wp:term":[{"taxonomy":"category","embeddable":true,"href":"https:\/\/obscom.intervozes.org.br\/index.php?rest_route=%2Fwp%2Fv2%2Fcategories&post=24083"},{"taxonomy":"post_tag","embeddable":true,"href":"https:\/\/obscom.intervozes.org.br\/index.php?rest_route=%2Fwp%2Fv2%2Ftags&post=24083"}],"curies":[{"name":"wp","href":"https:\/\/api.w.org\/{rel}","templated":true}]}}