{"id":24080,"date":"2010-03-16T14:45:35","date_gmt":"2010-03-16T14:45:35","guid":{"rendered":"https:\/\/obscom.intervozes.org.br\/wordpress\/?p=24080"},"modified":"2010-03-16T14:45:35","modified_gmt":"2010-03-16T14:45:35","slug":"ministerio-da-cultura-abre-edital-para-producoes-de-radio","status":"publish","type":"post","link":"https:\/\/obscom.intervozes.org.br\/?p=24080","title":{"rendered":"Minist\u00e9rio da Cultura abre edital para produ\u00e7\u00f5es de r\u00e1dio"},"content":{"rendered":"<p>   \t \t \t \t \t<!-- \t\t@page { margin: 2cm } \t\tP { margin-bottom: 0.21cm } \t--> \t  <\/p>\n<p style=\"margin-bottom: 0cm\" class=\"padrao\"><strong>Reproduzido do Comunique-se <\/strong><\/p>\n<p>O Minist&eacute;rio da Cultura lan&ccedil;ou nesta segunda-feira (15\/03) o edital &quot;Nossa Onda&quot;, que patrocinar&aacute; a produ&ccedil;&atilde;o de 52 obras radiof&ocirc;nicas, g&ecirc;neros radiodocument&aacute;rio e radioconto, com o tema &quot;Diversidade Cultural&quot;, com dura&ccedil;&atilde;o de 15 minutos cada.<\/p>\n<p>O edital com todas as informa&ccedil;&otilde;es para inscri&ccedil;&atilde;o est&aacute; dispon&iacute;vel no site do Minist&eacute;rio da Cultura e no blog do Nossa Onda. As inscri&ccedil;&otilde;es v&atilde;o at&eacute; o dia 28\/04.<\/p>\n<p>Podem participam pessoas f&iacute;sicas que se apresentem como diretor ou como diretor e roteirista. Os autores dos projetos aprovados participar&atilde;o de uma oficina de desenvolvimento do projeto e receber&atilde;o R$ 10 mil cada um. Eles ter&atilde;o um prazo de at&eacute; 60 dias para produzir os trabalhos. As obras contempladas ser&atilde;o transmitidas em v&aacute;rias emissoras comunit&aacute;rias de todo o Brasil.<\/p>\n<p>O edital Nossa Onda faz parte do Programa Mais Cultura, por meio das Secretarias do Audiovisual e de Articula&ccedil;&atilde;o Institucional, e conta com o apoio da Associa&ccedil;&atilde;o Brasileira de Radiodifus&atilde;o Comunit&aacute;ria e da Sociedade Amigos da Cinemateca.<\/p>\n<p>Outras informa&ccedil;&otilde;es podem ser obtidas pelo telefone 11-3512-6111, ramal 237, ou pelo endere&ccedil;o eletr&ocirc;nico <a href=\"mailto:nossaonda@cinemateca.org.br\">nossaonda@cinemateca.org.br<\/a>. <em>(Reda&ccedil;&atilde;o)<\/em><\/p>\n","protected":false},"excerpt":{"rendered":"<p>Reproduzido do Comunique-se O Minist&eacute;rio da Cultura lan&ccedil;ou nesta segunda-feira (15\/03) o edital &quot;Nossa Onda&quot;, que patrocinar&aacute; a produ&ccedil;&atilde;o de 52 obras radiof&ocirc;nicas, g&ecirc;neros radiodocument&aacute;rio e radioconto, com o tema &quot;Diversidade Cultural&quot;, com dura&ccedil;&atilde;o de 15 minutos cada. O edital com todas as informa&ccedil;&otilde;es para inscri&ccedil;&atilde;o est&aacute; dispon&iacute;vel no site do Minist&eacute;rio da Cultura e &hellip; <a href=\"https:\/\/obscom.intervozes.org.br\/?p=24080\" class=\"more-link\">Continue lendo <span class=\"screen-reader-text\">Minist\u00e9rio da Cultura abre edital para produ\u00e7\u00f5es de r\u00e1dio<\/span> <span class=\"meta-nav\">&rarr;<\/span><\/a><\/p>\n","protected":false},"author":1,"featured_media":0,"comment_status":"open","ping_status":"open","sticky":false,"template":"","format":"standard","meta":{"footnotes":""},"categories":[39],"tags":[],"_links":{"self":[{"href":"https:\/\/obscom.intervozes.org.br\/index.php?rest_route=\/wp\/v2\/posts\/24080"}],"collection":[{"href":"https:\/\/obscom.intervozes.org.br\/index.php?rest_route=\/wp\/v2\/posts"}],"about":[{"href":"https:\/\/obscom.intervozes.org.br\/index.php?rest_route=\/wp\/v2\/types\/post"}],"author":[{"embeddable":true,"href":"https:\/\/obscom.intervozes.org.br\/index.php?rest_route=\/wp\/v2\/users\/1"}],"replies":[{"embeddable":true,"href":"https:\/\/obscom.intervozes.org.br\/index.php?rest_route=%2Fwp%2Fv2%2Fcomments&post=24080"}],"version-history":[{"count":0,"href":"https:\/\/obscom.intervozes.org.br\/index.php?rest_route=\/wp\/v2\/posts\/24080\/revisions"}],"wp:attachment":[{"href":"https:\/\/obscom.intervozes.org.br\/index.php?rest_route=%2Fwp%2Fv2%2Fmedia&parent=24080"}],"wp:term":[{"taxonomy":"category","embeddable":true,"href":"https:\/\/obscom.intervozes.org.br\/index.php?rest_route=%2Fwp%2Fv2%2Fcategories&post=24080"},{"taxonomy":"post_tag","embeddable":true,"href":"https:\/\/obscom.intervozes.org.br\/index.php?rest_route=%2Fwp%2Fv2%2Ftags&post=24080"}],"curies":[{"name":"wp","href":"https:\/\/api.w.org\/{rel}","templated":true}]}}