{"id":24074,"date":"2010-03-15T13:18:33","date_gmt":"2010-03-15T13:18:33","guid":{"rendered":"https:\/\/obscom.intervozes.org.br\/wordpress\/?p=24074"},"modified":"2010-03-15T13:18:33","modified_gmt":"2010-03-15T13:18:33","slug":"justica-nega-recurso-contra-cobranca-da-contribuicao-para-o-fomento-da-radiodifusao-publica","status":"publish","type":"post","link":"https:\/\/obscom.intervozes.org.br\/?p=24074","title":{"rendered":"Justi\u00e7a nega recurso contra cobran\u00e7a da Contribui\u00e7\u00e3o para o Fomento da Radiodifus\u00e3o P\u00fablica"},"content":{"rendered":"<p>   \t \t \t \t \t<!-- \t\t@page { margin: 2cm } \t\tP { margin-bottom: 0.21cm } \t--> \t  <\/p>\n<p style=\"margin-bottom: 0cm\" class=\"padrao\"><strong>Reproduzido do site da EBC<\/strong><\/p>\n<p><em>[T&iacute;tulo original: Ju&iacute;za nega recurso de Sinditelebrasil que questiona CFRP]<\/em><\/p>\n<p>A ju&iacute;za Maria Cec&iacute;lia de Marco Rocha, da 6&ordf; Vara Federal da Subse&ccedil;&atilde;o Judici&aacute;ria do Distrito Federal, negou liminar a mandado de seguran&ccedil;a coletivo em que o Sindicato Nacional das Empresas de Telefonia e Servi&ccedil;o M&oacute;vel Celular Pessoal (Sinditelebrasil) questiona a legalidade do pagamento da Contribui&ccedil;&atilde;o para o Fomento da Radiodifus&atilde;o P&uacute;blica (CFRP) &agrave; Empresa Brasil de Comunica&ccedil;&atilde;o (EBC).<\/p>\n<p>Na decis&atilde;o em que indeferiu a liminar (decis&atilde;o provis&oacute;ria), a ju&iacute;za federal fundamentou que n&atilde;o vislumbrou a presen&ccedil;a de um dos requisitos necess&aacute;rios &agrave; concess&atilde;o do pedido do sindicato, qual seja a plausibilidade jur&iacute;dica, porque o tributo questionado (a CFRP) &ldquo;visa, em verdade, custear a EBC, e a cria&ccedil;&atilde;o (do tributo) foi autorizada pela Lei 11.852, de 2008&rdquo;. <\/p>\n<p>At&eacute; agora, em todas as inst&acirc;ncias do Poder Judici&aacute;rio, o entendimento &eacute; que a Contribui&ccedil;&atilde;o para o Fomento da Radiodifus&atilde;o P&uacute;blica &eacute; constitucional e devida. A partir de agora as duas partes na quest&atilde;o, o sindicato e a EBC, v&atilde;o apresentar &agrave; ju&iacute;za, nos autos, as suas raz&otilde;es na quest&atilde;o, cabendo ent&atilde;o, decis&atilde;o definitiva da titular da 6&ordf; Vara Federal no DF.<\/p>\n","protected":false},"excerpt":{"rendered":"<p>Reproduzido do site da EBC [T&iacute;tulo original: Ju&iacute;za nega recurso de Sinditelebrasil que questiona CFRP] A ju&iacute;za Maria Cec&iacute;lia de Marco Rocha, da 6&ordf; Vara Federal da Subse&ccedil;&atilde;o Judici&aacute;ria do Distrito Federal, negou liminar a mandado de seguran&ccedil;a coletivo em que o Sindicato Nacional das Empresas de Telefonia e Servi&ccedil;o M&oacute;vel Celular Pessoal (Sinditelebrasil) questiona &hellip; <a href=\"https:\/\/obscom.intervozes.org.br\/?p=24074\" class=\"more-link\">Continue lendo <span class=\"screen-reader-text\">Justi\u00e7a nega recurso contra cobran\u00e7a da Contribui\u00e7\u00e3o para o Fomento da Radiodifus\u00e3o P\u00fablica<\/span> <span class=\"meta-nav\">&rarr;<\/span><\/a><\/p>\n","protected":false},"author":1,"featured_media":0,"comment_status":"open","ping_status":"open","sticky":false,"template":"","format":"standard","meta":{"footnotes":""},"categories":[39],"tags":[],"_links":{"self":[{"href":"https:\/\/obscom.intervozes.org.br\/index.php?rest_route=\/wp\/v2\/posts\/24074"}],"collection":[{"href":"https:\/\/obscom.intervozes.org.br\/index.php?rest_route=\/wp\/v2\/posts"}],"about":[{"href":"https:\/\/obscom.intervozes.org.br\/index.php?rest_route=\/wp\/v2\/types\/post"}],"author":[{"embeddable":true,"href":"https:\/\/obscom.intervozes.org.br\/index.php?rest_route=\/wp\/v2\/users\/1"}],"replies":[{"embeddable":true,"href":"https:\/\/obscom.intervozes.org.br\/index.php?rest_route=%2Fwp%2Fv2%2Fcomments&post=24074"}],"version-history":[{"count":0,"href":"https:\/\/obscom.intervozes.org.br\/index.php?rest_route=\/wp\/v2\/posts\/24074\/revisions"}],"wp:attachment":[{"href":"https:\/\/obscom.intervozes.org.br\/index.php?rest_route=%2Fwp%2Fv2%2Fmedia&parent=24074"}],"wp:term":[{"taxonomy":"category","embeddable":true,"href":"https:\/\/obscom.intervozes.org.br\/index.php?rest_route=%2Fwp%2Fv2%2Fcategories&post=24074"},{"taxonomy":"post_tag","embeddable":true,"href":"https:\/\/obscom.intervozes.org.br\/index.php?rest_route=%2Fwp%2Fv2%2Ftags&post=24074"}],"curies":[{"name":"wp","href":"https:\/\/api.w.org\/{rel}","templated":true}]}}