{"id":24073,"date":"2010-03-12T17:45:30","date_gmt":"2010-03-12T17:45:30","guid":{"rendered":"https:\/\/obscom.intervozes.org.br\/wordpress\/?p=24073"},"modified":"2010-03-12T17:45:30","modified_gmt":"2010-03-12T17:45:30","slug":"radio-onix-de-campinas-e-fechada-sem-mandado-pela-policia-civil-de-sp","status":"publish","type":"post","link":"https:\/\/obscom.intervozes.org.br\/?p=24073","title":{"rendered":"R\u00e1dio \u00d4nix de Campinas \u00e9 fechada sem mandado pela Pol\u00edcia Civil de SP"},"content":{"rendered":"<p><span class=\"padrao\">A Pol&iacute;cia Civil de S&atilde;o Paulo fechou arbitraria e ilegalmente, na tarde de hoje (12), uma r&aacute;dio comunit&aacute;ria no interior do estado. A R&aacute;dio &Ocirc;nix, localizada na regi&atilde;o de Campo Grande, Zona Oeste de Campinas, no interior de S&atilde;o Paulo, foi fechada sem mandado pela Pol&iacute;cia Civil, que tamb&eacute;m n&atilde;o tem compet&ecirc;ncia para o fechamento de r&aacute;dios comunit&aacute;rias &#8211; sendo este tipo de a&ccedil;&atilde;o uma responsabilidade exclusiva da Pol&iacute;cia Federal. O coordenador da r&aacute;dio, H&eacute;lio Silva, foi levado &agrave; Delegacia de Investiga&ccedil;&otilde;es Gerais de Campinas e foi notificado com um Termo Circunstancial de Ocorr&ecirc;ncia, al&eacute;m de terem sido apreendidos tamb&eacute;m o link e o receptor da emissora.<\/p>\n<p>Segundo Jerry Oliveira, Coordenador do Sudoeste da Associa&ccedil;&atilde;o Brasileira de R&aacute;dios Comunit&aacute;rias (Abra&ccedil;o), a R&aacute;dio &Ocirc;nix, apesar de ter uma solicita&ccedil;&atilde;o de autoriza&ccedil;&atilde;o para funcionar tramitando no Minist&eacute;rio das Comunica&ccedil;&otilde;es desde 2000, ainda funcionava sem a documenta&ccedil;&atilde;o necess&aacute;ria por morosidade do Minist&eacute;rio. Para o Coordenador da Abra&ccedil;o, esta realidade que vive as r&aacute;dios comunit&aacute;rias do Brasil &eacute; culpa do Minist&eacute;rio das Comunica&ccedil;&otilde;es que n&atilde;o cumpre os prazos previstos para dar as autoriza&ccedil;&otilde;es que as emissoras precisam para funcionar.<\/p>\n<p>Jerry Oliveira lembra ainda que a pr&oacute;pria ju&iacute;za federal da primeira vara de Campinas, M&aacute;rcia Souza e Silva de Oliveira, j&aacute; deu seis decis&otilde;es judiciais contra a criminaliza&ccedil;&atilde;o dos operadores de radiodifus&atilde;o comunit&aacute;ria. Apesar de estas decis&otilde;es terem sido apresentadas ao Delegado da Pol&iacute;cia Civil de S&atilde;o Paulo respons&aacute;vel pela apreens&atilde;o dos equipamentos da r&aacute;dio e pela notifica&ccedil;&atilde;o do coordenador da emissora, n&atilde;o houve retrocesso na a&ccedil;&atilde;o.<\/p>\n<p>&ldquo;Est&aacute; claro para a Abra&ccedil;o que &eacute; esta &eacute; uma decis&atilde;o pol&iacute;tica do Governo Serra, que inclusive passa por cima de decis&otilde;es judiciais. Dessa forma vamos ter que tratar essa quest&atilde;o tamb&eacute;m de forma pol&iacute;tica&rdquo;, afirma o coordenador da entidade. Oliveira falou ainda que a Comiss&atilde;o de Direitos Humanos e Minorias da C&acirc;mara dos Deputados j&aacute; foi acionada e que as pessoas respons&aacute;veis j&aacute; est&atilde;o entrando em contato com o delegado para tentar reverter a situa&ccedil;&atilde;o.<\/span><\/p>\n","protected":false},"excerpt":{"rendered":"<p>A Pol&iacute;cia Civil de S&atilde;o Paulo fechou arbitraria e ilegalmente, na tarde de hoje (12), uma r&aacute;dio comunit&aacute;ria no interior do estado. A R&aacute;dio &Ocirc;nix, localizada na regi&atilde;o de Campo Grande, Zona Oeste de Campinas, no interior de S&atilde;o Paulo, foi fechada sem mandado pela Pol&iacute;cia Civil, que tamb&eacute;m n&atilde;o tem compet&ecirc;ncia para o fechamento &hellip; <a href=\"https:\/\/obscom.intervozes.org.br\/?p=24073\" class=\"more-link\">Continue lendo <span class=\"screen-reader-text\">R\u00e1dio \u00d4nix de Campinas \u00e9 fechada sem mandado pela Pol\u00edcia Civil de SP<\/span> <span class=\"meta-nav\">&rarr;<\/span><\/a><\/p>\n","protected":false},"author":1,"featured_media":0,"comment_status":"open","ping_status":"open","sticky":false,"template":"","format":"standard","meta":{"footnotes":""},"categories":[39],"tags":[],"_links":{"self":[{"href":"https:\/\/obscom.intervozes.org.br\/index.php?rest_route=\/wp\/v2\/posts\/24073"}],"collection":[{"href":"https:\/\/obscom.intervozes.org.br\/index.php?rest_route=\/wp\/v2\/posts"}],"about":[{"href":"https:\/\/obscom.intervozes.org.br\/index.php?rest_route=\/wp\/v2\/types\/post"}],"author":[{"embeddable":true,"href":"https:\/\/obscom.intervozes.org.br\/index.php?rest_route=\/wp\/v2\/users\/1"}],"replies":[{"embeddable":true,"href":"https:\/\/obscom.intervozes.org.br\/index.php?rest_route=%2Fwp%2Fv2%2Fcomments&post=24073"}],"version-history":[{"count":0,"href":"https:\/\/obscom.intervozes.org.br\/index.php?rest_route=\/wp\/v2\/posts\/24073\/revisions"}],"wp:attachment":[{"href":"https:\/\/obscom.intervozes.org.br\/index.php?rest_route=%2Fwp%2Fv2%2Fmedia&parent=24073"}],"wp:term":[{"taxonomy":"category","embeddable":true,"href":"https:\/\/obscom.intervozes.org.br\/index.php?rest_route=%2Fwp%2Fv2%2Fcategories&post=24073"},{"taxonomy":"post_tag","embeddable":true,"href":"https:\/\/obscom.intervozes.org.br\/index.php?rest_route=%2Fwp%2Fv2%2Ftags&post=24073"}],"curies":[{"name":"wp","href":"https:\/\/api.w.org\/{rel}","templated":true}]}}