{"id":24071,"date":"2010-03-12T16:24:04","date_gmt":"2010-03-12T16:24:04","guid":{"rendered":"https:\/\/obscom.intervozes.org.br\/wordpress\/?p=24071"},"modified":"2010-03-12T16:24:04","modified_gmt":"2010-03-12T16:24:04","slug":"ministerio-vai-investir-r-15-milhao-em-projetos-culturais-para-o-radio","status":"publish","type":"post","link":"https:\/\/obscom.intervozes.org.br\/?p=24071","title":{"rendered":"Minist\u00e9rio vai investir R$ 1,5 milh\u00e3o em projetos culturais para o r\u00e1dio"},"content":{"rendered":"<p><span class=\"padrao\">Bras&iacute;lia &#8211; O Minist&eacute;rio da Cultura investir&aacute; R$ 1,5 milh&atilde;o em projetos de apoio &agrave; promo&ccedil;&atilde;o da cultura por meio do r&aacute;dio. A pasta lan&ccedil;ar&aacute; edital para escolha de 26 roteiros de contos e 26 de document&aacute;rios sobre o tema diversidade cultural, com dura&ccedil;&atilde;o de 15 minutos cada.<\/p>\n<p>Trata-se do concurso Nossa Onda, que ser&aacute; lan&ccedil;ado neste semestre pela Secretaria do Audiovisual da pasta, e que premiar&aacute; com R$ 10 mil cada projeto aprovado. Poder&atilde;o participar pessoas f&iacute;sicas que se apresentem como diretor ou diretor-roteirista, que tenham de 17 a 29 anos e que sejam das classes C, D e E, integrantes ou egressos de projetos sociais vinculados aos programas Territ&oacute;rios da Cidadania ou ProJovem.<\/p>\n<p>O ministro da Cultura, Juca Ferreira, destacou que o r&aacute;dio &eacute; um meio important&iacute;ssimo para a difus&atilde;o cultural.<\/p>\n<p>&quot;Sempre que surge um novo meio de comunica&ccedil;&atilde;o, todos acham que o r&aacute;dio vai desaparecer, caducar, mas trata-se de um ve&iacute;culo que sobreviveu &agrave; televis&atilde;o e hoje convive muito bem com o computador, se mantendo como importante meio de comunica&ccedil;&atilde;o&quot;, disse, em entrevista a emissoras de r&aacute;dio durante o programa Bom Dia, Ministro.<\/p>\n<p>&quot;O r&aacute;dio permite que as pessoas o utilizem enquanto est&atilde;o ocupadas com algum trabalho, por isso precisa ser sempre valorizado&nbsp; como instrumento de informa&ccedil;&atilde;o, de debate e enfrentamento das quest&otilde;es que interessam &agrave; popula&ccedil;&atilde;o&quot;, completou.<\/p>\n<p>Juca Ferreira lembrou que, quando era secret&aacute;rio de Meio Ambiente de Salvador, nos anos 90, uma pesquisa nos bairros da cidade mostrou que 90% da popula&ccedil;&atilde;o ouviam r&aacute;dio durante o dia.<\/span><\/p>\n","protected":false},"excerpt":{"rendered":"<p>Bras&iacute;lia &#8211; O Minist&eacute;rio da Cultura investir&aacute; R$ 1,5 milh&atilde;o em projetos de apoio &agrave; promo&ccedil;&atilde;o da cultura por meio do r&aacute;dio. A pasta lan&ccedil;ar&aacute; edital para escolha de 26 roteiros de contos e 26 de document&aacute;rios sobre o tema diversidade cultural, com dura&ccedil;&atilde;o de 15 minutos cada. Trata-se do concurso Nossa Onda, que ser&aacute; &hellip; <a href=\"https:\/\/obscom.intervozes.org.br\/?p=24071\" class=\"more-link\">Continue lendo <span class=\"screen-reader-text\">Minist\u00e9rio vai investir R$ 1,5 milh\u00e3o em projetos culturais para o r\u00e1dio<\/span> <span class=\"meta-nav\">&rarr;<\/span><\/a><\/p>\n","protected":false},"author":1,"featured_media":0,"comment_status":"open","ping_status":"open","sticky":false,"template":"","format":"standard","meta":{"footnotes":""},"categories":[40],"tags":[1197],"_links":{"self":[{"href":"https:\/\/obscom.intervozes.org.br\/index.php?rest_route=\/wp\/v2\/posts\/24071"}],"collection":[{"href":"https:\/\/obscom.intervozes.org.br\/index.php?rest_route=\/wp\/v2\/posts"}],"about":[{"href":"https:\/\/obscom.intervozes.org.br\/index.php?rest_route=\/wp\/v2\/types\/post"}],"author":[{"embeddable":true,"href":"https:\/\/obscom.intervozes.org.br\/index.php?rest_route=\/wp\/v2\/users\/1"}],"replies":[{"embeddable":true,"href":"https:\/\/obscom.intervozes.org.br\/index.php?rest_route=%2Fwp%2Fv2%2Fcomments&post=24071"}],"version-history":[{"count":0,"href":"https:\/\/obscom.intervozes.org.br\/index.php?rest_route=\/wp\/v2\/posts\/24071\/revisions"}],"wp:attachment":[{"href":"https:\/\/obscom.intervozes.org.br\/index.php?rest_route=%2Fwp%2Fv2%2Fmedia&parent=24071"}],"wp:term":[{"taxonomy":"category","embeddable":true,"href":"https:\/\/obscom.intervozes.org.br\/index.php?rest_route=%2Fwp%2Fv2%2Fcategories&post=24071"},{"taxonomy":"post_tag","embeddable":true,"href":"https:\/\/obscom.intervozes.org.br\/index.php?rest_route=%2Fwp%2Fv2%2Ftags&post=24071"}],"curies":[{"name":"wp","href":"https:\/\/api.w.org\/{rel}","templated":true}]}}