{"id":24065,"date":"2010-03-11T17:12:20","date_gmt":"2010-03-11T17:12:20","guid":{"rendered":"https:\/\/obscom.intervozes.org.br\/wordpress\/?p=24065"},"modified":"2010-03-11T17:12:20","modified_gmt":"2010-03-11T17:12:20","slug":"costa-defende-licitacao-de-tv-a-cabo-caso-aprovacao-do-pl-29-demore","status":"publish","type":"post","link":"https:\/\/obscom.intervozes.org.br\/?p=24065","title":{"rendered":"Costa defende licita\u00e7\u00e3o de TV a cabo caso aprova\u00e7\u00e3o do PL 29 demore"},"content":{"rendered":"<p>   \t \t \t \t \t<!-- \t\t@page { margin: 2cm } \t\tP { margin-bottom: 0.21cm } \t--> \t  <\/p>\n<p style=\"margin-bottom: 0cm\" class=\"padrao\">O ministro das Comunica&ccedil;&otilde;es, H&eacute;lio Costa, disse hoje que h&aacute; um bom entendimento, no Congresso Nacional, para aprova&ccedil;&atilde;o definitiva do PL 29\/07, que unifica as regras da TV por assinatura e permite a entrada das teles no mercado, ainda este ano. Por&eacute;m, se a vota&ccedil;&atilde;o for impedida em fun&ccedil;&atilde;o das elei&ccedil;&otilde;es, defende que a Anatel realiza licita&ccedil;&atilde;o de TV a cabo.<\/p>\n<p>O PL 29, j&aacute; aprovado nas Comiss&otilde;es de&nbsp; Desenvolvimento Econ&ocirc;mico, Industrial e Com&eacute;rcio; Defesa do Consumidor e Ci&ecirc;ncia e Tecnologia, est&aacute; agora na Comiss&atilde;o de Constitui&ccedil;&atilde;o e Justi&ccedil;a da C&acirc;mara. O relator do projeto, deputado Eduardo Cunha (PMDB-RJ), ainda n&atilde;o apresentou sua an&aacute;lise.<\/p>\n<p>Segundo assessores, o relator est&aacute; envolvido com as negocia&ccedil;&otilde;es sobre as emendas do Pr&eacute;-Sal e dificilmente entregar&aacute; o relat&oacute;rio ainda esta semana. A proposi&ccedil;&atilde;o recebeu 22 emendas, a maioria contestando a constitucionalidade de artigos do texto. Outras pretendem retomar temas rejeitados na CCT, como a que determina que a distribui&ccedil;&atilde;o obrigat&oacute;ria (must carry) dos chamados &ldquo;canais do campo p&uacute;blico&rdquo; pelas prestadoras de TV por assinatura ensejar&aacute; compensa&ccedil;&atilde;o financeira ou fiscal em favor das operadoras, caso sejam inclu&iacute;dos outros canais, al&eacute;m dos j&aacute; especificados no texto. <\/p>\n<p>O governo, que evitou apoiar explicitamente o PL 29 por longo per&iacute;odo, agora defende sua aprova&ccedil;&atilde;o imediata. O entendimento &eacute; de que, com as novas regras, ser&atilde;o ampliadas as ofertas de servi&ccedil;os de banda larga no pa&iacute;s.<\/p>\n<p>Ap&oacute;s a aprova&ccedil;&atilde;o na CCJ da C&acirc;mara, o PL 29\/07 poder&aacute; ter que ser votado no plen&aacute;rio antes de iniciar tramita&ccedil;&atilde;o no Senado.<\/p>\n","protected":false},"excerpt":{"rendered":"<p>O ministro das Comunica&ccedil;&otilde;es, H&eacute;lio Costa, disse hoje que h&aacute; um bom entendimento, no Congresso Nacional, para aprova&ccedil;&atilde;o definitiva do PL 29\/07, que unifica as regras da TV por assinatura e permite a entrada das teles no mercado, ainda este ano. Por&eacute;m, se a vota&ccedil;&atilde;o for impedida em fun&ccedil;&atilde;o das elei&ccedil;&otilde;es, defende que a Anatel &hellip; <a href=\"https:\/\/obscom.intervozes.org.br\/?p=24065\" class=\"more-link\">Continue lendo <span class=\"screen-reader-text\">Costa defende licita\u00e7\u00e3o de TV a cabo caso aprova\u00e7\u00e3o do PL 29 demore<\/span> <span class=\"meta-nav\">&rarr;<\/span><\/a><\/p>\n","protected":false},"author":1,"featured_media":0,"comment_status":"open","ping_status":"open","sticky":false,"template":"","format":"standard","meta":{"footnotes":""},"categories":[40],"tags":[1246],"_links":{"self":[{"href":"https:\/\/obscom.intervozes.org.br\/index.php?rest_route=\/wp\/v2\/posts\/24065"}],"collection":[{"href":"https:\/\/obscom.intervozes.org.br\/index.php?rest_route=\/wp\/v2\/posts"}],"about":[{"href":"https:\/\/obscom.intervozes.org.br\/index.php?rest_route=\/wp\/v2\/types\/post"}],"author":[{"embeddable":true,"href":"https:\/\/obscom.intervozes.org.br\/index.php?rest_route=\/wp\/v2\/users\/1"}],"replies":[{"embeddable":true,"href":"https:\/\/obscom.intervozes.org.br\/index.php?rest_route=%2Fwp%2Fv2%2Fcomments&post=24065"}],"version-history":[{"count":0,"href":"https:\/\/obscom.intervozes.org.br\/index.php?rest_route=\/wp\/v2\/posts\/24065\/revisions"}],"wp:attachment":[{"href":"https:\/\/obscom.intervozes.org.br\/index.php?rest_route=%2Fwp%2Fv2%2Fmedia&parent=24065"}],"wp:term":[{"taxonomy":"category","embeddable":true,"href":"https:\/\/obscom.intervozes.org.br\/index.php?rest_route=%2Fwp%2Fv2%2Fcategories&post=24065"},{"taxonomy":"post_tag","embeddable":true,"href":"https:\/\/obscom.intervozes.org.br\/index.php?rest_route=%2Fwp%2Fv2%2Ftags&post=24065"}],"curies":[{"name":"wp","href":"https:\/\/api.w.org\/{rel}","templated":true}]}}