{"id":24064,"date":"2010-03-11T17:09:07","date_gmt":"2010-03-11T17:09:07","guid":{"rendered":"https:\/\/obscom.intervozes.org.br\/wordpress\/?p=24064"},"modified":"2010-03-11T17:09:07","modified_gmt":"2010-03-11T17:09:07","slug":"audiencia-sobre-banda-larga-vira-debate-politico-na-camara","status":"publish","type":"post","link":"https:\/\/obscom.intervozes.org.br\/?p=24064","title":{"rendered":"Audi\u00eancia sobre banda larga vira debate pol\u00edtico na C\u00e2mara"},"content":{"rendered":"<p><span class=\"padrao\">O debate em torno da cria&ccedil;&atilde;o de um Plano Nacional de Banda Larga (PNBL) pelo governo ganhou evidentes contornos pol&iacute;ticos nesta quarta-feira, 10. A apresenta&ccedil;&atilde;o de um requerimento para a realiza&ccedil;&atilde;o de uma audi&ecirc;ncia p&uacute;blica sobre o tema na Comiss&atilde;o de Defesa do Consumidor (CDC) da C&acirc;mara dos Deputados provocou discuss&atilde;o entre deputados aliados do governo e da oposi&ccedil;&atilde;o. Tudo por conta do fato de o requerimento &quot;convocar&quot; a ministra-chefe da Casa Civil, Dilma Rousseff, e ter como justificativa as den&uacute;ncias feitas recentemente pela m&iacute;dia de que a implanta&ccedil;&atilde;o do plano poderia beneficiar um empres&aacute;rio que contratou o ex-ministro Jos&eacute; Dirceu como consultor. <\/p>\n<p>O requerimento acabou sendo aprovado com votos contr&aacute;rios dos deputados Chico Lopes (PCdoB\/CE), Ana Arraes (PSB\/PE), Vital do R&ecirc;go Filho (PMDB\/PB) e Leo Alc&acirc;ntara (PR\/CE). Apenas uma mudan&ccedil;a foi feita no texto para atender a uma das reclama&ccedil;&otilde;es dos parlamentares: os ministros n&atilde;o ser&atilde;o mais convocados, mas sim &quot;convidados&quot; pela comiss&atilde;o. A diferen&ccedil;a entre o convite e a convoca&ccedil;&atilde;o &eacute; que no primeiro as autoridades podem faltar ao debate sem maiores justificativas e, no segundo, &eacute; necess&aacute;ria uma motiva&ccedil;&atilde;o formal para a aus&ecirc;ncia. <\/p>\n<p>O pedido para a audi&ecirc;ncia &eacute; de autoria do deputado &Iacute;ndio da Costa (DEM\/RJ) e causou desconforto em v&aacute;rios deputados, inclusive alguns que acabaram votando favoravelmente &agrave; proposta. O maior problema apontado &eacute; que a justificativa do requerimento gira em torno apenas das den&uacute;ncias veiculadas na m&iacute;dia de um poss&iacute;vel favorecimento do empres&aacute;rio Nelson dos Santos com a eventual reativa&ccedil;&atilde;o da Telebr&aacute;s. Santos teve como consultor Jos&eacute; Dirceu e, por conta disso, tem se levantado suspeitas sob um poss&iacute;vel tr&aacute;fico de influ&ecirc;ncia junto ao governo. <\/p>\n<p>&quot;Esses fatos sinalizam, sem d&uacute;vida, para a exist&ecirc;ncia de uma contiguidade excessiva entre empresas privadas e o Pal&aacute;cio do Planalto. H&aacute; claras implica&ccedil;&otilde;es nos direitos dos milhares de brasileiros que ainda det&ecirc;m a&ccedil;&otilde;es da Telebr&aacute;s. E, ainda, a se comprovar as irregularidades citadas, o pr&oacute;prio usu&aacute;rio dos servi&ccedil;os de telecomunica&ccedil;&otilde;es pode ser prejudicado&quot;, afirma Costa em seu requerimento, referindo-se &agrave;s den&uacute;ncias relacionadas &agrave; Telebr&aacute;s e ao uso da rede da falida Eletronet. Para v&aacute;rios deputados da comiss&atilde;o, essa justificativa foge do escopo da CDC, pois n&atilde;o est&aacute; relacionada a assuntos espec&iacute;ficos de interesse dos consumidores. <\/p>\n<p><strong>Acionista vs. consumidor <\/strong><\/p>\n<p>Para o autor do requerimento, assuntos que afetam os acionistas da Telebr&aacute;s s&atilde;o claramente de interesse da CDC j&aacute; que &quot;os acionistas s&atilde;o ex-propriet&aacute;rios de telefones&quot;. Mas o argumento n&atilde;o convenceu muitos parlamentares. Na an&aacute;lise de Chico Lopes, acionistas n&atilde;o podem ser confundidos com consumidores porque possuem, inclusive, interesses opostos. &quot;Na minha compreens&atilde;o isso &eacute; mais um requerimento com inten&ccedil;&atilde;o pol&iacute;tica. Acionista e usu&aacute;rio me parecem coisas d&iacute;spares. At&eacute; porque, para os acionistas, quanto mais caro foi o servi&ccedil;o, melhor. Honestamente, n&atilde;o sei como me posicionar sobre esse requerimento com este tipo de justificativa&quot;, declarou o deputado. <\/p>\n<p>N&atilde;o apenas parlamentares da base aliada questionaram a argumenta&ccedil;&atilde;o exposta no requerimento. O deputado Carlos Sampaio (PSDB\/SP) tamb&eacute;m incomodou-se com a justificativa e chegou a sugerir que o debate ficasse centrado apenas no PNBL e nos impactos para o consumidor da atua&ccedil;&atilde;o estatal no servi&ccedil;o de banda larga. &quot;A fundamenta&ccedil;&atilde;o apresentada n&atilde;o faz parte do escopo dessa comiss&atilde;o. Se o que estivesse em jogo fosse se a Telebr&aacute;s vai ou n&atilde;o voltar, se ela vai ou n&atilde;o atuar no setor de banda larga, isso sim teria total import&acirc;ncia para o consumidor.&quot; <\/p>\n<p><strong>Kit pol&iacute;tico <\/strong><\/p>\n<p>A suspeita da base aliada de que o requerimento aprovado hoje tem por tr&aacute;s uma motiva&ccedil;&atilde;o apenas pol&iacute;tica mobilizou a lideran&ccedil;a do PT na C&acirc;mara. O vice-l&iacute;der da bancada, Jos&eacute; Geno&iacute;no (PT\/SP), compareceu &agrave; reuni&atilde;o na CDC, onde n&atilde;o &eacute; membro, apenas para tentar bloquear a vota&ccedil;&atilde;o da proposta. &quot;Estou aqui como vice-l&iacute;der da bancada do PT e vamos deixar as coisas claras como elas s&atilde;o. A motiva&ccedil;&atilde;o pol&iacute;tica est&aacute; em toda a fundamenta&ccedil;&atilde;o do requerimento. E qual &eacute; a fundamenta&ccedil;&atilde;o? N&atilde;o &eacute; a defesa do consumidor. &Eacute; pol&iacute;tico-eleitoral&quot;, criticou o deputado. <\/p>\n<p>&quot;O alvo &eacute; a ministra Dilma. O alvo &eacute; trazer para c&aacute; um debate eleitoral antecipado, radicalizado e que n&atilde;o tem sentido&quot;, continuou Geno&iacute;no. O vice-l&iacute;der disse que h&aacute; uma movimenta&ccedil;&atilde;o concertada da oposi&ccedil;&atilde;o para apresentar o mesmo requerimento em diversas comiss&otilde;es com a inten&ccedil;&atilde;o prejudicar a candidata do PT &agrave; Presid&ecirc;ncia da Rep&uacute;blica. &quot;&Eacute; um kit. Esse kit est&aacute; perambulando por v&aacute;rias comiss&otilde;es e eu estou indo a todas elas. Esse kit usa o manto da defesa do consumidor para fazer um debate pol&iacute;tico com a inten&ccedil;&atilde;o de atingir a ministra Dilma.&quot; Analisando as pautas das comiss&otilde;es da C&acirc;mara que funcionaram hoje, apenas a CDC deliberou sobre a realiza&ccedil;&atilde;o de audi&ecirc;ncia p&uacute;blica sobre banda larga. <\/p>\n<p>O deputado Vital do R&ecirc;go Filho sugeriu que o requerimento fosse retirado de pauta e que na pr&oacute;xima reuni&atilde;o a comiss&atilde;o votasse a realiza&ccedil;&atilde;o de um grande semin&aacute;rio sobre o projeto de massifica&ccedil;&atilde;o da banda larga e os impactos da iniciativa nos consumidores. Mesmo contando com apoio verbal de v&aacute;rios deputados presentes, a sugest&atilde;o n&atilde;o foi acatada. <\/p>\n<p>Com a aprova&ccedil;&atilde;o do requerimento pela maioria, a CDC convidar&aacute; para o debate a ministra Dilma Rousseff; o ministro das Comunica&ccedil;&otilde;es, H&eacute;lio Costa; o secret&aacute;rio de Log&iacute;stica e Tecnologia da Informa&ccedil;&atilde;o do Minist&eacute;rio do Planejamento, Rog&eacute;rio Santanna; e o presidente da Telebr&aacute;s, Jorge da Motta e Silva. Tamb&eacute;m ser&atilde;o chamados o empres&aacute;rio Nelson dos Santos, dono da Star Overseas; e a presidente da Comiss&atilde;o de Valores Mobili&aacute;rios, Maria Helena dos Santos. A audi&ecirc;ncia ainda n&atilde;o tem data para ocorrer.<\/span><\/p>\n","protected":false},"excerpt":{"rendered":"<p>O debate em torno da cria&ccedil;&atilde;o de um Plano Nacional de Banda Larga (PNBL) pelo governo ganhou evidentes contornos pol&iacute;ticos nesta quarta-feira, 10. A apresenta&ccedil;&atilde;o de um requerimento para a realiza&ccedil;&atilde;o de uma audi&ecirc;ncia p&uacute;blica sobre o tema na Comiss&atilde;o de Defesa do Consumidor (CDC) da C&acirc;mara dos Deputados provocou discuss&atilde;o entre deputados aliados do &hellip; <a href=\"https:\/\/obscom.intervozes.org.br\/?p=24064\" class=\"more-link\">Continue lendo <span class=\"screen-reader-text\">Audi\u00eancia sobre banda larga vira debate pol\u00edtico na C\u00e2mara<\/span> <span class=\"meta-nav\">&rarr;<\/span><\/a><\/p>\n","protected":false},"author":1,"featured_media":0,"comment_status":"open","ping_status":"open","sticky":false,"template":"","format":"standard","meta":{"footnotes":""},"categories":[40],"tags":[1123],"_links":{"self":[{"href":"https:\/\/obscom.intervozes.org.br\/index.php?rest_route=\/wp\/v2\/posts\/24064"}],"collection":[{"href":"https:\/\/obscom.intervozes.org.br\/index.php?rest_route=\/wp\/v2\/posts"}],"about":[{"href":"https:\/\/obscom.intervozes.org.br\/index.php?rest_route=\/wp\/v2\/types\/post"}],"author":[{"embeddable":true,"href":"https:\/\/obscom.intervozes.org.br\/index.php?rest_route=\/wp\/v2\/users\/1"}],"replies":[{"embeddable":true,"href":"https:\/\/obscom.intervozes.org.br\/index.php?rest_route=%2Fwp%2Fv2%2Fcomments&post=24064"}],"version-history":[{"count":0,"href":"https:\/\/obscom.intervozes.org.br\/index.php?rest_route=\/wp\/v2\/posts\/24064\/revisions"}],"wp:attachment":[{"href":"https:\/\/obscom.intervozes.org.br\/index.php?rest_route=%2Fwp%2Fv2%2Fmedia&parent=24064"}],"wp:term":[{"taxonomy":"category","embeddable":true,"href":"https:\/\/obscom.intervozes.org.br\/index.php?rest_route=%2Fwp%2Fv2%2Fcategories&post=24064"},{"taxonomy":"post_tag","embeddable":true,"href":"https:\/\/obscom.intervozes.org.br\/index.php?rest_route=%2Fwp%2Fv2%2Ftags&post=24064"}],"curies":[{"name":"wp","href":"https:\/\/api.w.org\/{rel}","templated":true}]}}