{"id":24059,"date":"2010-03-10T15:52:38","date_gmt":"2010-03-10T15:52:38","guid":{"rendered":"https:\/\/obscom.intervozes.org.br\/wordpress\/?p=24059"},"modified":"2010-03-10T15:52:38","modified_gmt":"2010-03-10T15:52:38","slug":"costa-ve-problemas-juridicos-na-reativacao-da-telebras","status":"publish","type":"post","link":"https:\/\/obscom.intervozes.org.br\/?p=24059","title":{"rendered":"Costa v\u00ea problemas jur\u00eddicos na reativa\u00e7\u00e3o da Telebr\u00e1s"},"content":{"rendered":"<p>   \t \t \t \t \t<!-- \t\t@page { margin: 2cm } \t\tP { margin-bottom: 0.21cm } \t--> \t  <\/p>\n<p style=\"margin-bottom: 0cm\" class=\"padrao\">O ministro das Comunica&ccedil;&otilde;es, H&eacute;lio Costa, disse hoje que h&aacute; uma s&eacute;rie de procedimentos jur&iacute;dicos que precisam ser vistos e analisados com cuidado, caso o governo decida mesmo reativar a Telebr&aacute;s, atribuindo &agrave; estatal a ger&ecirc;ncia da rede p&uacute;blica no Plano Nacional de Banda Larga (PNBL). &ldquo;A Lei das S.A., por exemplo, impede que o governo, na medida em que ele tenha os fundos de pens&atilde;o como s&oacute;cios de uma empresa de telecomunica&ccedil;&otilde;es, possa participar ativamente de outra empresa&rdquo;, disse. <\/p>\n<p>Ou seja, no entendimento do ministro, tem problema o governo participar da Telebr&aacute;s e da Oi, que tem participa&ccedil;&atilde;o da Previ, Funcef e Petros. Outro ponto levantado pelo ministro alerta para a possibilidade de que a reativa&ccedil;&atilde;o da estatal inclua um plano de neg&oacute;cios que preveja 10 anos de atividade sem lucro, como j&aacute; foi apresentado em um dos cen&aacute;rios do PNBL, pode ser questionado. Costa ainda lembrou que a posse das fibras &oacute;pticas da Eletronet foi obtida de forma liminar pelo governo, situa&ccedil;&atilde;o que pode ser mudada.<\/p>\n<p>H&eacute;lio Costa disse que j&aacute; fez este alerta ao governo na reuni&atilde;o passada, ocorrida em 10 de fevereiro e que j&aacute; pediu que a consultoria jur&iacute;dica do Minicom estude essas quest&otilde;es. Ele fez quest&atilde;o de adiantar que a decis&atilde;o pela reativa&ccedil;&atilde;o da Telebr&aacute;s ainda n&atilde;o foi tomada. <\/p>\n<p>O consultor jur&iacute;dico do Minicom, &Eacute;dio Azevedo, disse que ainda n&atilde;o concluiu a an&aacute;lise dos pontos levantados pelo ministro. Por&eacute;m, teme que, caso seja reativada com um plano de neg&oacute;cios que preveja preju&iacute;zos por longo per&iacute;odo, seja contestada na justi&ccedil;a pelos acionistas. &ldquo;Pesquisas preliminares me leva a sensa&ccedil;&atilde;o de que se o projeto gerar d&eacute;ficit continuado seria uma les&atilde;o ao acionista minorit&aacute;rio&rdquo;, disse.<\/p>\n<p>Azevedo alertou que n&atilde;o existe um artigo na Lei das S.A que pro&iacute;ba a realiza&ccedil;&atilde;o de preju&iacute;zos por empresas de capital aberto, mas ressalta que o princ&iacute;pio da lei e do direito comercial &eacute; de que essas empresas s&atilde;o formadas com o objetivo de dar lucro. Ele sugere que , caso decida pela Telebr&aacute;s, o governo adote um plano de neg&oacute;cios lucrativo ou que feche o capital da empresa.<\/p>\n<p>Com rela&ccedil;&atilde;o &agrave; participa&ccedil;&atilde;o cruzada, Azevedo disse que os estudos ainda n&atilde;o foram conclu&iacute;dos e, que a princ&iacute;pio, n&atilde;o v&ecirc; irregularidade. Como tamb&eacute;m n&atilde;o acredita que a LGT (Lei Geral de Telecomunica&ccedil;&otilde;es) traga algum empecilho para o funcionamento da Telebr&aacute;s na ger&ecirc;ncia do Plano Nacional de Banda Larga. &ldquo;Mas isso dever&aacute; ser avaliado pela Anatel&rdquo;, disse.<\/p>\n","protected":false},"excerpt":{"rendered":"<p>O ministro das Comunica&ccedil;&otilde;es, H&eacute;lio Costa, disse hoje que h&aacute; uma s&eacute;rie de procedimentos jur&iacute;dicos que precisam ser vistos e analisados com cuidado, caso o governo decida mesmo reativar a Telebr&aacute;s, atribuindo &agrave; estatal a ger&ecirc;ncia da rede p&uacute;blica no Plano Nacional de Banda Larga (PNBL). &ldquo;A Lei das S.A., por exemplo, impede que o &hellip; <a href=\"https:\/\/obscom.intervozes.org.br\/?p=24059\" class=\"more-link\">Continue lendo <span class=\"screen-reader-text\">Costa v\u00ea problemas jur\u00eddicos na reativa\u00e7\u00e3o da Telebr\u00e1s<\/span> <span class=\"meta-nav\">&rarr;<\/span><\/a><\/p>\n","protected":false},"author":1,"featured_media":0,"comment_status":"open","ping_status":"open","sticky":false,"template":"","format":"standard","meta":{"footnotes":""},"categories":[40],"tags":[1123],"_links":{"self":[{"href":"https:\/\/obscom.intervozes.org.br\/index.php?rest_route=\/wp\/v2\/posts\/24059"}],"collection":[{"href":"https:\/\/obscom.intervozes.org.br\/index.php?rest_route=\/wp\/v2\/posts"}],"about":[{"href":"https:\/\/obscom.intervozes.org.br\/index.php?rest_route=\/wp\/v2\/types\/post"}],"author":[{"embeddable":true,"href":"https:\/\/obscom.intervozes.org.br\/index.php?rest_route=\/wp\/v2\/users\/1"}],"replies":[{"embeddable":true,"href":"https:\/\/obscom.intervozes.org.br\/index.php?rest_route=%2Fwp%2Fv2%2Fcomments&post=24059"}],"version-history":[{"count":0,"href":"https:\/\/obscom.intervozes.org.br\/index.php?rest_route=\/wp\/v2\/posts\/24059\/revisions"}],"wp:attachment":[{"href":"https:\/\/obscom.intervozes.org.br\/index.php?rest_route=%2Fwp%2Fv2%2Fmedia&parent=24059"}],"wp:term":[{"taxonomy":"category","embeddable":true,"href":"https:\/\/obscom.intervozes.org.br\/index.php?rest_route=%2Fwp%2Fv2%2Fcategories&post=24059"},{"taxonomy":"post_tag","embeddable":true,"href":"https:\/\/obscom.intervozes.org.br\/index.php?rest_route=%2Fwp%2Fv2%2Ftags&post=24059"}],"curies":[{"name":"wp","href":"https:\/\/api.w.org\/{rel}","templated":true}]}}