{"id":24056,"date":"2010-03-09T16:40:53","date_gmt":"2010-03-09T16:40:53","guid":{"rendered":"https:\/\/obscom.intervozes.org.br\/wordpress\/?p=24056"},"modified":"2010-03-09T16:40:53","modified_gmt":"2010-03-09T16:40:53","slug":"afirme-se-entra-com-representacao-contra-o-globo-por-veto-a-anuncio","status":"publish","type":"post","link":"https:\/\/obscom.intervozes.org.br\/?p=24056","title":{"rendered":"Afirme-se entra com representa\u00e7\u00e3o contra &#8216;O Globo&#8217; por veto a an\u00fancio"},"content":{"rendered":"<p>   \t \t \t \t \t<!-- \t\t@page { margin: 2cm } \t\tP { margin-bottom: 0.21cm } \t--> \t  <\/p>\n<p style=\"margin-bottom: 0cm\" class=\"padrao\">A campanha Afirme-se &#8211; de defesa das pol&iacute;ticas afirmativas-&nbsp;entrou com uma representa&ccedil;&atilde;o judicial contra o jornal <em>O Globo <\/em>na tarde da &uacute;ltima segunda-feira (8). A organiza&ccedil;&atilde;o n&atilde;o governamental baiana Omi-Dud&uacute;, que defende as a&ccedil;&otilde;es em benef&iacute;cio&nbsp;dos afro-descendentes, alega que o ve&iacute;culo carioca cometeu pr&aacute;tica econ&ocirc;mica abusiva ao elevar em mais de 1300% o valor de an&uacute;ncio da campanha. <\/p>\n<p>A representa&ccedil;&atilde;o foi protocolada no Minist&eacute;rio P&uacute;blico do Rio Janeiro, a pedido do advogado Jo&atilde;o Fontoura Filho, que representa a campanha nacional. Na a&ccedil;&atilde;o, os organizadores da Afirme-se afirmam que o jornal praticou abuso ao vetar um an&uacute;ncio sobre pol&iacute;ticas de a&ccedil;&otilde;es afirmativas e cotas.&nbsp; <\/p>\n<p>Segundo Fernando Concei&ccedil;&atilde;o, professor universit&aacute;rio e coordenador da campanha, acordo pr&eacute;vio com&nbsp;quatro jornais (<em>O Globo, O Estado de S.Paulo, Folha de S.Paulo <\/em><span style=\"font-style: normal\">e<\/span><em> Jornal A Tarde<\/em>) firmava compra de espa&ccedil;o editorial para veicula&ccedil;&atilde;o do an&uacute;ncio. Nos jornais paulistas e no ve&iacute;culo baiano, a campanha foi publicada no dia 3 de mar&ccedil;o. No total, segundo a ONG, foram gastos mais de R$ 108 mil. <\/p>\n<p>A campanha &eacute; realizada pela ag&ecirc;ncia Propeg, que intermediou o contato com os jornais. Em <em>O Globo<\/em>, ap&oacute;s consulta pr&eacute;via, Concei&ccedil;&atilde;o diz que o pre&ccedil;o do an&uacute;ncio foi fixado em R$ 54 mil. Ap&oacute;s an&aacute;lise do material, o coordenador alega que o jornal retrocedeu e aumentou o pre&ccedil;o para R$&nbsp;712 mil, inviabilizando a compra do espa&ccedil;o. <\/p>\n<p>&quot;Depois do envio do material a ser publicado, para nossa surpresa o jornal mudou de ideia, alegando que o conte&uacute;do &eacute; express&atilde;o de opini&atilde;o, sendo conte&uacute;do editorial e n&atilde;o publicit&aacute;rio&quot;, disse Concei&ccedil;&atilde;o. <\/p>\n<p>O an&uacute;ncio faz coro para que as a&ccedil;&otilde;es afirmativas sejam mantidas pelo Supremo Tribunal Federal (STF). Ao enaltecer as melhorias na rela&ccedil;&atilde;o econ&ocirc;mica e social entre brancos e negros, a campanha cita estudo do Datafolha, entre 2006 e 2008, de que &quot;60% da popula&ccedil;&atilde;o &eacute; favor&aacute;vel&quot; &agrave;s pol&iacute;ticas de inclus&atilde;o no ensino universit&aacute;rio.&nbsp; A pe&ccedil;a acrescenta, por&eacute;m, que &quot;tudo pode acabar se o Supremo decidir pela inconstitucionalidade das cotas&quot;.&nbsp; <\/p>\n<p>Na representa&ccedil;&atilde;o, os autores pedem que, em caso de comprovada irregularidade, o jornal seja punido e obrigado a publicar o an&uacute;ncio a pre&ccedil;o simb&oacute;lico ou de forma gratuita. <\/p>\n<p>A reportagem do <em>Portal Imprensa<\/em> tenta contato com o jornal <em>O Globo <\/em>para comentar o epis&oacute;dio.<\/p>\n","protected":false},"excerpt":{"rendered":"<p>A campanha Afirme-se &#8211; de defesa das pol&iacute;ticas afirmativas-&nbsp;entrou com uma representa&ccedil;&atilde;o judicial contra o jornal O Globo na tarde da &uacute;ltima segunda-feira (8). A organiza&ccedil;&atilde;o n&atilde;o governamental baiana Omi-Dud&uacute;, que defende as a&ccedil;&otilde;es em benef&iacute;cio&nbsp;dos afro-descendentes, alega que o ve&iacute;culo carioca cometeu pr&aacute;tica econ&ocirc;mica abusiva ao elevar em mais de 1300% o valor de &hellip; <a href=\"https:\/\/obscom.intervozes.org.br\/?p=24056\" class=\"more-link\">Continue lendo <span class=\"screen-reader-text\">Afirme-se entra com representa\u00e7\u00e3o contra &#8216;O Globo&#8217; por veto a an\u00fancio<\/span> <span class=\"meta-nav\">&rarr;<\/span><\/a><\/p>\n","protected":false},"author":1,"featured_media":0,"comment_status":"open","ping_status":"open","sticky":false,"template":"","format":"standard","meta":{"footnotes":""},"categories":[40],"tags":[1244],"_links":{"self":[{"href":"https:\/\/obscom.intervozes.org.br\/index.php?rest_route=\/wp\/v2\/posts\/24056"}],"collection":[{"href":"https:\/\/obscom.intervozes.org.br\/index.php?rest_route=\/wp\/v2\/posts"}],"about":[{"href":"https:\/\/obscom.intervozes.org.br\/index.php?rest_route=\/wp\/v2\/types\/post"}],"author":[{"embeddable":true,"href":"https:\/\/obscom.intervozes.org.br\/index.php?rest_route=\/wp\/v2\/users\/1"}],"replies":[{"embeddable":true,"href":"https:\/\/obscom.intervozes.org.br\/index.php?rest_route=%2Fwp%2Fv2%2Fcomments&post=24056"}],"version-history":[{"count":0,"href":"https:\/\/obscom.intervozes.org.br\/index.php?rest_route=\/wp\/v2\/posts\/24056\/revisions"}],"wp:attachment":[{"href":"https:\/\/obscom.intervozes.org.br\/index.php?rest_route=%2Fwp%2Fv2%2Fmedia&parent=24056"}],"wp:term":[{"taxonomy":"category","embeddable":true,"href":"https:\/\/obscom.intervozes.org.br\/index.php?rest_route=%2Fwp%2Fv2%2Fcategories&post=24056"},{"taxonomy":"post_tag","embeddable":true,"href":"https:\/\/obscom.intervozes.org.br\/index.php?rest_route=%2Fwp%2Fv2%2Ftags&post=24056"}],"curies":[{"name":"wp","href":"https:\/\/api.w.org\/{rel}","templated":true}]}}