{"id":24048,"date":"2010-03-09T16:05:49","date_gmt":"2010-03-09T16:05:49","guid":{"rendered":"https:\/\/obscom.intervozes.org.br\/wordpress\/?p=24048"},"modified":"2010-03-09T16:05:49","modified_gmt":"2010-03-09T16:05:49","slug":"midia-e-criticada-no-8-de-marco-de-sao-paulo","status":"publish","type":"post","link":"https:\/\/obscom.intervozes.org.br\/?p=24048","title":{"rendered":"M\u00eddia \u00e9 criticada no 8 de mar\u00e7o de S\u00e3o Paulo"},"content":{"rendered":"<p>   \t \t \t \t \t<!-- \t\t@page { margin: 2cm } \t\tP { margin-bottom: 0.21cm } \t--> \t  <\/p>\n<p style=\"margin-bottom: 0cm\" class=\"padrao\">A opress&atilde;o da mulher pela m&iacute;dia e a publicidade foi lembrada no ato do 8 de mar&ccedil;o, dia Internacional de Luta da Mulher, em S&atilde;o Paulo. Entre as pautas que j&aacute; foram encampadas pela luta feminista do Brasil, est&aacute; o respeito &agrave;s mulheres e a sua diversidade nos meios de comunica&ccedil;&atilde;o. &ldquo;Sempre tiveram uma arma contra a mulher. Na Idade M&eacute;dia existia uma grande criminaliza&ccedil;&atilde;o das mulheres, protagonizada pela Igreja Cat&oacute;lica. iam para as fogueiras as que ousavam lutar por outro tipo de vida, de rela&ccedil;&otilde;es afetivas&#8230; Mas quando chega no s&eacute;culo XX, h&aacute; uma outra arma: a m&iacute;dia de massa&rdquo;, afirmou em discurso Teresinha Vicente, da Articula&ccedil;&atilde;o Mulher e M&iacute;dia.&nbsp;<\/p>\n<p>A m&iacute;dia &eacute; utilizada para oprimir e controlar as mulheres h&aacute; d&eacute;cadas, afirmou Terezinha. &ldquo;As propagandas mostram a mulher como um objeto, para alavancar a venda de qualquer produto. Ela pr&oacute;pria vira mercadoria, sendo oferecida como pr&ecirc;mio na propaganda de cerveja, na propaganda de carro.&rdquo;<\/p>\n<p>As mulheres tamb&eacute;m criticaram o agressivo padr&atilde;o de beleza imposto desde cedo &agrave;s meninas, o que faz com que um ter&ccedil;o das cirurgias pl&aacute;sticas no Brasil sejam realizadas em menores de idade. Uma prova de que este padr&atilde;o midiatizado tem se constitu&iacute;do como uma imposi&ccedil;&atilde;o sobre as mulheres brasileiras, as militantes lembraram que o Brasil, um pa&iacute;s pobre, &eacute; o segundo maior consumidor da ind&uacute;stria cosm&eacute;tica no mundo.<\/p>\n<p>Para Luka Franca, da Secretaria de Mulheres do PSOL, apesar de uma presen&ccedil;a cada vez maior das mulheres nos debates sobre o conte&uacute;do dos meios de comunica&ccedil;&atilde;o, o movimento feminista tem dificuldade em discutir a pauta m&iacute;dia. &ldquo;Acho que acaba ficando superficial, sem avan&ccedil;ar na quest&atilde;o conjuntural do que significa isso. A mulher &eacute; usada como mercadoria, h&aacute; um padr&atilde;o de beleza sim, mas precisamos lembrar: quem &eacute; que subsidia isso? A m&iacute;dia sustenta a sociedade patriarcal, mas ela tamb&eacute;m sustenta a sociedade capitalista&rdquo;, avalia a militante, que tamb&eacute;m &eacute; estudante de jornalismo.&nbsp;<\/p>\n<p><strong>&ldquo;Seguiremos em marcha at&eacute; que todas sejamos livres&rdquo;<\/strong><\/p>\n<p>O ano de 2010 n&atilde;o contou apenas com atos para lembrar o 8 de mar&ccedil;o e as lutas feministas espec&iacute;ficas. Com o mote &quot;Seguiremos em marcha at&eacute; que todas sejamos livres&rdquo;,&nbsp;a Marcha Mundial das Mulheres tem organizado atividades art&iacute;sticas e culturais, caravanas e a&ccedil;&otilde;es, em frente a empresas fabricantes de armamentos e edif&iacute;cios da ONU em v&aacute;rios pa&iacute;ses. No Brasil, a&nbsp;a&ccedil;&atilde;o internacional da MMM acontece entre os dias 8 e 18 de mar&ccedil;o e ter&aacute; o formato de uma marcha, que vai percorrer o trajeto entre as cidades de Campinas e S&atilde;o Paulo. S&atilde;o dez dias de caminhada: as mulheres marchar&atilde;o pela manh&atilde; e realizar&atilde;o atividade &agrave; tarde. Entre as atividades, haver&aacute; um dia de debates sobre o papel da m&iacute;dia e o feminismo.<\/p>\n<p>As a&ccedil;&otilde;es tamb&eacute;m marcam os 100 anos do 8 de mar&ccedil;o.&nbsp;Em 1910, a socialista alem&atilde; Clara Zetkin prop&ocirc;s, na II Confer&ecirc;ncia das Mulheres Socialistas, a cria&ccedil;&atilde;o do Dia Internacional da Mulher, que seguiu sendo celebrado em datas diferentes, de acordo com o calend&aacute;rio de lutas de cada pa&iacute;s. A a&ccedil;&atilde;o das oper&aacute;rias russas no dia 8 de mar&ccedil;o de 1917, precipitando o in&iacute;cio da Revolu&ccedil;&atilde;o Russa, &eacute; a raz&atilde;o mais prov&aacute;vel para a fixa&ccedil;&atilde;o desta data.<\/p>\n","protected":false},"excerpt":{"rendered":"<p>A opress&atilde;o da mulher pela m&iacute;dia e a publicidade foi lembrada no ato do 8 de mar&ccedil;o, dia Internacional de Luta da Mulher, em S&atilde;o Paulo. Entre as pautas que j&aacute; foram encampadas pela luta feminista do Brasil, est&aacute; o respeito &agrave;s mulheres e a sua diversidade nos meios de comunica&ccedil;&atilde;o. &ldquo;Sempre tiveram uma arma &hellip; <a href=\"https:\/\/obscom.intervozes.org.br\/?p=24048\" class=\"more-link\">Continue lendo <span class=\"screen-reader-text\">M\u00eddia \u00e9 criticada no 8 de mar\u00e7o de S\u00e3o Paulo<\/span> <span class=\"meta-nav\">&rarr;<\/span><\/a><\/p>\n","protected":false},"author":1,"featured_media":0,"comment_status":"open","ping_status":"open","sticky":false,"template":"","format":"standard","meta":{"footnotes":""},"categories":[40],"tags":[667],"_links":{"self":[{"href":"https:\/\/obscom.intervozes.org.br\/index.php?rest_route=\/wp\/v2\/posts\/24048"}],"collection":[{"href":"https:\/\/obscom.intervozes.org.br\/index.php?rest_route=\/wp\/v2\/posts"}],"about":[{"href":"https:\/\/obscom.intervozes.org.br\/index.php?rest_route=\/wp\/v2\/types\/post"}],"author":[{"embeddable":true,"href":"https:\/\/obscom.intervozes.org.br\/index.php?rest_route=\/wp\/v2\/users\/1"}],"replies":[{"embeddable":true,"href":"https:\/\/obscom.intervozes.org.br\/index.php?rest_route=%2Fwp%2Fv2%2Fcomments&post=24048"}],"version-history":[{"count":0,"href":"https:\/\/obscom.intervozes.org.br\/index.php?rest_route=\/wp\/v2\/posts\/24048\/revisions"}],"wp:attachment":[{"href":"https:\/\/obscom.intervozes.org.br\/index.php?rest_route=%2Fwp%2Fv2%2Fmedia&parent=24048"}],"wp:term":[{"taxonomy":"category","embeddable":true,"href":"https:\/\/obscom.intervozes.org.br\/index.php?rest_route=%2Fwp%2Fv2%2Fcategories&post=24048"},{"taxonomy":"post_tag","embeddable":true,"href":"https:\/\/obscom.intervozes.org.br\/index.php?rest_route=%2Fwp%2Fv2%2Ftags&post=24048"}],"curies":[{"name":"wp","href":"https:\/\/api.w.org\/{rel}","templated":true}]}}