{"id":24047,"date":"2010-03-09T15:48:24","date_gmt":"2010-03-09T15:48:24","guid":{"rendered":"https:\/\/obscom.intervozes.org.br\/wordpress\/?p=24047"},"modified":"2010-03-09T15:48:24","modified_gmt":"2010-03-09T15:48:24","slug":"rede-de-comunicadores-pela-reforma-agraria-sera-lancada-dia-11-em-sao-paulo","status":"publish","type":"post","link":"https:\/\/obscom.intervozes.org.br\/?p=24047","title":{"rendered":"Rede de Comunicadores pela Reforma Agr\u00e1ria ser\u00e1 lan\u00e7ada dia 11, em S\u00e3o Paulo"},"content":{"rendered":"<p>   \t \t \t \t \t<!-- \t\t@page { margin: 2cm } \t\tP { margin-bottom: 0.21cm } \t--> \t    <\/p>\n<p style=\"margin-bottom: 0cm\" class=\"padrao\">Militantes pela democratiza&ccedil;&atilde;o da comunica&ccedil;&atilde;o, jornalistas, blogueiros e comunicadores, tomaram a iniciativa de convocar para o dia 11 de mar&ccedil;o uma reuni&atilde;o para iniciar uma rede em apoio &agrave; reforma agr&aacute;ria e contra a criminaliza&ccedil;&atilde;o dos movimentos sociais. &quot;Est&aacute; em curso uma ofensiva conservadora no Brasil contra a reforma agr&aacute;ria, e contra qualquer movimento que combata a desigualdade e a concentra&ccedil;&atilde;o de terra e renda. E voc&ecirc; n&atilde;o precisa concordar com tudo que o MST [Movimento dos Trabalhadores Sem Terra] faz para compreender o que est&aacute; em jogo&quot;, diz o manifesto. Assinam a convocat&oacute;ria 27 comunicadores.<\/p>\n<p>O manifesto denuncia a campanha da grande imprensa que,&nbsp;associada a interesses de latifundi&aacute;rios, grileiros e parcelas do Poder Judici&aacute;rio, que culminou com a abertura de uma Comiss&atilde;o Parlamentar Mista de Inqu&eacute;rito (CPMI) com o objetivo de constranger aqueles que lutam pela reforma agr&aacute;ria. <\/p>\n<p>Diz o texto que um atentado ao movimento social ficou claro com a&nbsp;imagem de um trator &ldquo;a derrubar laranjais no interior paulista, numa fazenda grilada, roubada da Uni&atilde;o, que correu o pa&iacute;s no fim do ano passado&rdquo;. &ldquo;Agricultores miser&aacute;veis foram presos, humilhados. Seriam os respons&aacute;veis pelo &#39;grave atentado&#39;. A pol&iacute;cia trabalhou r&aacute;pido, produzindo um espet&aacute;culo que foi parar nas telas da TV e nas p&aacute;ginas dos jornais&rdquo;, denuncia o manifesto, citando o caso como exemplo de como se produz a criminaliza&ccedil;&atilde;o dos movimentos sociais. <\/p>\n<p>Os comunicadores que assinam o manifesto acreditam que os ataques coordenados contra o MST fazem parte de uma ofensiva maior contra entidades e cidad&atilde;os que lutam por democracia. <\/p>\n<p>Embora o evento que lan&ccedil;a a rede seja realizado em S&atilde;o Paulo, a proposta &eacute; que a rede de comunicadores em apoio &agrave; reforma agr&aacute;ria tenha car&aacute;ter nacional. A reuni&atilde;o ser&aacute; no dia 11 de mar&ccedil;o, &agrave;s 19h, no Sindicato dos Jornalistas de S&atilde;o Paulo (Rua R&ecirc;go Freitas 530). Compor&aacute; mesa Jo&atilde;o Pedro St&eacute;dile (coordena&ccedil;&atilde;o MST), Paulo Henrique Amorim (blog <em>Conversa Afiada<\/em>) e Rodrigo Vianna (blog <em>O Escrivinhador<\/em>).<\/p>\n","protected":false},"excerpt":{"rendered":"<p>Militantes pela democratiza&ccedil;&atilde;o da comunica&ccedil;&atilde;o, jornalistas, blogueiros e comunicadores, tomaram a iniciativa de convocar para o dia 11 de mar&ccedil;o uma reuni&atilde;o para iniciar uma rede em apoio &agrave; reforma agr&aacute;ria e contra a criminaliza&ccedil;&atilde;o dos movimentos sociais. &quot;Est&aacute; em curso uma ofensiva conservadora no Brasil contra a reforma agr&aacute;ria, e contra qualquer movimento que &hellip; <a href=\"https:\/\/obscom.intervozes.org.br\/?p=24047\" class=\"more-link\">Continue lendo <span class=\"screen-reader-text\">Rede de Comunicadores pela Reforma Agr\u00e1ria ser\u00e1 lan\u00e7ada dia 11, em S\u00e3o Paulo<\/span> <span class=\"meta-nav\">&rarr;<\/span><\/a><\/p>\n","protected":false},"author":1,"featured_media":0,"comment_status":"open","ping_status":"open","sticky":false,"template":"","format":"standard","meta":{"footnotes":""},"categories":[39],"tags":[],"_links":{"self":[{"href":"https:\/\/obscom.intervozes.org.br\/index.php?rest_route=\/wp\/v2\/posts\/24047"}],"collection":[{"href":"https:\/\/obscom.intervozes.org.br\/index.php?rest_route=\/wp\/v2\/posts"}],"about":[{"href":"https:\/\/obscom.intervozes.org.br\/index.php?rest_route=\/wp\/v2\/types\/post"}],"author":[{"embeddable":true,"href":"https:\/\/obscom.intervozes.org.br\/index.php?rest_route=\/wp\/v2\/users\/1"}],"replies":[{"embeddable":true,"href":"https:\/\/obscom.intervozes.org.br\/index.php?rest_route=%2Fwp%2Fv2%2Fcomments&post=24047"}],"version-history":[{"count":0,"href":"https:\/\/obscom.intervozes.org.br\/index.php?rest_route=\/wp\/v2\/posts\/24047\/revisions"}],"wp:attachment":[{"href":"https:\/\/obscom.intervozes.org.br\/index.php?rest_route=%2Fwp%2Fv2%2Fmedia&parent=24047"}],"wp:term":[{"taxonomy":"category","embeddable":true,"href":"https:\/\/obscom.intervozes.org.br\/index.php?rest_route=%2Fwp%2Fv2%2Fcategories&post=24047"},{"taxonomy":"post_tag","embeddable":true,"href":"https:\/\/obscom.intervozes.org.br\/index.php?rest_route=%2Fwp%2Fv2%2Ftags&post=24047"}],"curies":[{"name":"wp","href":"https:\/\/api.w.org\/{rel}","templated":true}]}}