{"id":24037,"date":"2010-03-05T16:17:24","date_gmt":"2010-03-05T16:17:24","guid":{"rendered":"https:\/\/obscom.intervozes.org.br\/wordpress\/?p=24037"},"modified":"2010-03-05T16:17:24","modified_gmt":"2010-03-05T16:17:24","slug":"idec-apresenta-a-anatel-plano-para-incluir-sociedade-na-regulacao","status":"publish","type":"post","link":"https:\/\/obscom.intervozes.org.br\/?p=24037","title":{"rendered":"Idec apresenta \u00e0 Anatel plano para incluir sociedade na regula\u00e7\u00e3o"},"content":{"rendered":"<p>   \t \t \t \t \t<!-- \t\t@page { margin: 2cm } \t\tP { margin-bottom: 0.21cm } \t--> \t  <\/p>\n<p style=\"margin-bottom: 0cm\" class=\"padrao\">O Idec (Instituto Brasileiro de Defesa do Consumidor) apresentou projeto &agrave; Anatel para o fortalecimento da participa&ccedil;&atilde;o social no processo regulat&oacute;rio. A entidade defende uma maior transpar&ecirc;ncia das a&ccedil;&otilde;es da ag&ecirc;ncia por meio, entre outras formas, da cria&ccedil;&atilde;o de uma agenda regulat&oacute;ria e da cria&ccedil;&atilde;o de um fundo para suportar as a&ccedil;&otilde;es de participa&ccedil;&atilde;o social. Os recursos seriam usados na contrata&ccedil;&atilde;o de apoio t&eacute;cnico de especialistas para prestar assessoria qualificada &agrave;s entidades de defesa do consumidor em processos regulat&oacute;rios.<\/p>\n<p>Essa medida est&aacute; prevista no projeto de lei das ag&ecirc;ncias reguladoras, em tramita&ccedil;&atilde;o na C&acirc;mara, e &eacute; criticada por todas elas, inclusive a Anatel. O fundo, denominado Fundo Federal de Fomento &agrave; Participa&ccedil;&atilde;o Social no Processo Regulat&oacute;rio (FFPR), seria composto por um percentual do valor arrecadado com multas aplicadas pelos &oacute;rg&atilde;os de defesa do consumidor, receita or&ccedil;ament&aacute;ria dos &oacute;rg&atilde;os e das entidades reguladoras, al&eacute;m de doa&ccedil;&otilde;es.<\/p>\n<p>Os recursos obtidos seriam geridos por um representante (presidente) do &oacute;rg&atilde;o federal de defesa do consumidor; tr&ecirc;s representantes das entidades reguladoras; um representante do Minist&eacute;rio P&uacute;blico Federal; um representante do Minist&eacute;rio da Fazenda; e tr&ecirc;s representantes de entidades de defesa do consumidor, constitu&iacute;das h&aacute; pelo menos um ano.<\/p>\n<p>O fundo seria usado tamb&eacute;m no apoio institucional para capacita&ccedil;&atilde;o nos temas que comp&otilde;em a Agenda Regulat&oacute;ria, outra proposta do Idec para promover a previsibilidade e a transpar&ecirc;ncia da atua&ccedil;&atilde;o regulat&oacute;ria e possibilitar a participa&ccedil;&atilde;o da sociedade civil na defini&ccedil;&atilde;o das prioridades institucionais. A agenda seria um documento p&uacute;blico, anual, que indicaria os temas a serem regulados no per&iacute;odo. Tamb&eacute;m contaria com um cronograma de atividades e teria acompanhamento semestral de atualiza&ccedil;&atilde;o das a&ccedil;&otilde;es.<\/p>\n<p>Al&eacute;m disso, a proposta do Idec prev&ecirc; o aprimoramento das audi&ecirc;ncias e consultas p&uacute;blicas, com a divulga&ccedil;&atilde;o de textos de f&aacute;cil entendimento e disponibiliza&ccedil;&atilde;o, no site da ag&ecirc;ncia, pelo prazo m&iacute;nimo de um ano, dos estudos, dados e materiais t&eacute;cnicos que fundamentam as propostas de regulamento.<\/p>\n<p>A proposta do Idec foi apresentada &agrave; Anatel na semana passada e ser&aacute; discutida internamente antes de uma decis&atilde;o. A aproxima&ccedil;&atilde;o da Anatel com os consumidores &eacute; uma das a&ccedil;&otilde;es de curto prazo previstas no PGR (Plano Geral de Atualiza&ccedil;&atilde;o da Regulamenta&ccedil;&atilde;o das Telecomunica&ccedil;&otilde;es).<\/p>\n","protected":false},"excerpt":{"rendered":"<p>O Idec (Instituto Brasileiro de Defesa do Consumidor) apresentou projeto &agrave; Anatel para o fortalecimento da participa&ccedil;&atilde;o social no processo regulat&oacute;rio. A entidade defende uma maior transpar&ecirc;ncia das a&ccedil;&otilde;es da ag&ecirc;ncia por meio, entre outras formas, da cria&ccedil;&atilde;o de uma agenda regulat&oacute;ria e da cria&ccedil;&atilde;o de um fundo para suportar as a&ccedil;&otilde;es de participa&ccedil;&atilde;o social. &hellip; <a href=\"https:\/\/obscom.intervozes.org.br\/?p=24037\" class=\"more-link\">Continue lendo <span class=\"screen-reader-text\">Idec apresenta \u00e0 Anatel plano para incluir sociedade na regula\u00e7\u00e3o<\/span> <span class=\"meta-nav\">&rarr;<\/span><\/a><\/p>\n","protected":false},"author":1,"featured_media":0,"comment_status":"open","ping_status":"open","sticky":false,"template":"","format":"standard","meta":{"footnotes":""},"categories":[40],"tags":[924],"_links":{"self":[{"href":"https:\/\/obscom.intervozes.org.br\/index.php?rest_route=\/wp\/v2\/posts\/24037"}],"collection":[{"href":"https:\/\/obscom.intervozes.org.br\/index.php?rest_route=\/wp\/v2\/posts"}],"about":[{"href":"https:\/\/obscom.intervozes.org.br\/index.php?rest_route=\/wp\/v2\/types\/post"}],"author":[{"embeddable":true,"href":"https:\/\/obscom.intervozes.org.br\/index.php?rest_route=\/wp\/v2\/users\/1"}],"replies":[{"embeddable":true,"href":"https:\/\/obscom.intervozes.org.br\/index.php?rest_route=%2Fwp%2Fv2%2Fcomments&post=24037"}],"version-history":[{"count":0,"href":"https:\/\/obscom.intervozes.org.br\/index.php?rest_route=\/wp\/v2\/posts\/24037\/revisions"}],"wp:attachment":[{"href":"https:\/\/obscom.intervozes.org.br\/index.php?rest_route=%2Fwp%2Fv2%2Fmedia&parent=24037"}],"wp:term":[{"taxonomy":"category","embeddable":true,"href":"https:\/\/obscom.intervozes.org.br\/index.php?rest_route=%2Fwp%2Fv2%2Fcategories&post=24037"},{"taxonomy":"post_tag","embeddable":true,"href":"https:\/\/obscom.intervozes.org.br\/index.php?rest_route=%2Fwp%2Fv2%2Ftags&post=24037"}],"curies":[{"name":"wp","href":"https:\/\/api.w.org\/{rel}","templated":true}]}}