{"id":24035,"date":"2010-03-05T15:40:47","date_gmt":"2010-03-05T15:40:47","guid":{"rendered":"https:\/\/obscom.intervozes.org.br\/wordpress\/?p=24035"},"modified":"2010-03-05T15:40:47","modified_gmt":"2010-03-05T15:40:47","slug":"ministerio-da-justica-reve-classificacao-do-programa-do-gugu-para-12-anos","status":"publish","type":"post","link":"https:\/\/obscom.intervozes.org.br\/?p=24035","title":{"rendered":"Minist\u00e9rio da Justi\u00e7a rev\u00ea classifica\u00e7\u00e3o do Programa do Gugu para 12 anos"},"content":{"rendered":"<p>   \t \t \t \t \t<!-- \t\t@page { margin: 2cm } \t\tP { margin-bottom: 0.21cm } \t--> \t  <\/p>\n<p style=\"margin-bottom: 0cm\" class=\"padrao\"><strong>Reproduzido do Portal Imprensa<\/strong><\/p>\n<p>O &quot;Programa do Gugu&quot;, exibido pela TV Record, deixou de ser considerado livre para qualquer faixa de idade. Decis&atilde;o do Minist&eacute;rio da Justi&ccedil;a, que deve ser publicada na pr&oacute;xima sexta-feira (05), no <em>Di&aacute;rio Oficial da Uni&atilde;o <\/em>&#8211; informa a colunista Keila Jimenez, do <em>Estad&atilde;o <\/em>&#8211; reclassifica o programa para faixa de 12 anos. O motivo seria o quadro feito pelos personagens &quot;Gluglu&quot; e &quot;Mendigo&quot;, que mostra mulheres nas praias.<\/p>\n<p>O Minist&eacute;rio argumenta que o quadro usa linguagens de conte&uacute;do sexual, exp&otilde;e pessoas (sobretudo as mulheres) a situa&ccedil;&otilde;es de constrangimento. Na decis&atilde;o, ainda h&aacute; men&ccedil;&atilde;o a outros quadros que s&atilde;o incompat&iacute;veis com a atual faixa de classifica&ccedil;&atilde;o.<\/p>\n<p>No &uacute;ltimo dia 06\/01, refor&ccedil;a o <em>Estad&atilde;o<\/em>, o Minist&eacute;rio j&aacute; havia notificado a atra&ccedil;&atilde;o, que n&atilde;o poder&aacute; mais come&ccedil;ar antes das 20h. A emissora tem dez dias para se adequar &agrave; nova faixa.<\/p>\n","protected":false},"excerpt":{"rendered":"<p>Reproduzido do Portal Imprensa O &quot;Programa do Gugu&quot;, exibido pela TV Record, deixou de ser considerado livre para qualquer faixa de idade. Decis&atilde;o do Minist&eacute;rio da Justi&ccedil;a, que deve ser publicada na pr&oacute;xima sexta-feira (05), no Di&aacute;rio Oficial da Uni&atilde;o &#8211; informa a colunista Keila Jimenez, do Estad&atilde;o &#8211; reclassifica o programa para faixa de &hellip; <a href=\"https:\/\/obscom.intervozes.org.br\/?p=24035\" class=\"more-link\">Continue lendo <span class=\"screen-reader-text\">Minist\u00e9rio da Justi\u00e7a rev\u00ea classifica\u00e7\u00e3o do Programa do Gugu para 12 anos<\/span> <span class=\"meta-nav\">&rarr;<\/span><\/a><\/p>\n","protected":false},"author":1,"featured_media":0,"comment_status":"open","ping_status":"open","sticky":false,"template":"","format":"standard","meta":{"footnotes":""},"categories":[39],"tags":[],"_links":{"self":[{"href":"https:\/\/obscom.intervozes.org.br\/index.php?rest_route=\/wp\/v2\/posts\/24035"}],"collection":[{"href":"https:\/\/obscom.intervozes.org.br\/index.php?rest_route=\/wp\/v2\/posts"}],"about":[{"href":"https:\/\/obscom.intervozes.org.br\/index.php?rest_route=\/wp\/v2\/types\/post"}],"author":[{"embeddable":true,"href":"https:\/\/obscom.intervozes.org.br\/index.php?rest_route=\/wp\/v2\/users\/1"}],"replies":[{"embeddable":true,"href":"https:\/\/obscom.intervozes.org.br\/index.php?rest_route=%2Fwp%2Fv2%2Fcomments&post=24035"}],"version-history":[{"count":0,"href":"https:\/\/obscom.intervozes.org.br\/index.php?rest_route=\/wp\/v2\/posts\/24035\/revisions"}],"wp:attachment":[{"href":"https:\/\/obscom.intervozes.org.br\/index.php?rest_route=%2Fwp%2Fv2%2Fmedia&parent=24035"}],"wp:term":[{"taxonomy":"category","embeddable":true,"href":"https:\/\/obscom.intervozes.org.br\/index.php?rest_route=%2Fwp%2Fv2%2Fcategories&post=24035"},{"taxonomy":"post_tag","embeddable":true,"href":"https:\/\/obscom.intervozes.org.br\/index.php?rest_route=%2Fwp%2Fv2%2Ftags&post=24035"}],"curies":[{"name":"wp","href":"https:\/\/api.w.org\/{rel}","templated":true}]}}