{"id":24030,"date":"2010-03-04T15:13:25","date_gmt":"2010-03-04T15:13:25","guid":{"rendered":"https:\/\/obscom.intervozes.org.br\/wordpress\/?p=24030"},"modified":"2010-03-04T15:13:25","modified_gmt":"2010-03-04T15:13:25","slug":"regras-para-concessao-de-radios-comunitarias-poderao-mudar","status":"publish","type":"post","link":"https:\/\/obscom.intervozes.org.br\/?p=24030","title":{"rendered":"Regras para concess\u00e3o de r\u00e1dios comunit\u00e1rias poder\u00e3o mudar"},"content":{"rendered":"<p>   \t \t \t \t \t<!-- \t\t@page { margin: 2cm } \t\tP { margin-bottom: 0.21cm } \t--> \t  <\/p>\n<p style=\"margin-bottom: 0cm\" class=\"padrao\">A C&acirc;mara analisa o Projeto de Lei 6761\/10, do Senado, que restringe a concess&atilde;o de r&aacute;dio comunit&aacute;ria a entidades que tenham sido institu&iacute;das h&aacute; pelo menos dois anos. Segundo o autor do projeto, senador Flexa Ribeiro (PSDB-PA), sua proposta busca impedir a cria&ccedil;&atilde;o de associa&ccedil;&otilde;es e funda&ccedil;&otilde;es com a finalidade exclusiva de explorar servi&ccedil;o de radiodifus&atilde;o comunit&aacute;ria.<\/p>\n<p>O senador pretende, assim, evitar o uso do servi&ccedil;o de forma inadequada, &quot;por entidades a servi&ccedil;o de causas que n&atilde;o se coadunam com os fins para os quais a radiodifus&atilde;o comunit&aacute;ria foi criada&quot;.<\/p>\n<p>Flexa Ribeiro lembra que, na modalidade comunit&aacute;ria de radiodifus&atilde;o, o Estado abre m&atilde;o de receita patrimonial proveniente do licenciamento de uso de um bem p&uacute;blico &#8211; no caso, parcela do espectro de radiofrequ&ecirc;ncias &#8211; para conceder a determinados grupos sociais &quot;instrumentos de apoio ao seu desenvolvimento&quot;.<\/p>\n<p>A lei atual (9.612\/98) permite a explora&ccedil;&atilde;o do servi&ccedil;o de radiodifus&atilde;o comunit&aacute;ria por parte de institui&ccedil;&otilde;es sem fins lucrativos, sediadas na &aacute;rea da comunidade para a qual pretende prestar o servi&ccedil;o e dirigidas por brasileiro nato ou naturalizado h&aacute; mais de dez anos. O projeto do senador n&atilde;o altera essas exig&ecirc;ncias.<\/p>\n<p><strong>Tramita&ccedil;&atilde;o<\/strong><\/p>\n<p>O projeto, que tramita em car&aacute;ter conclusivoRito de tramita&ccedil;&atilde;o pelo qual o projeto n&atilde;o precisa ser votado pelo Plen&aacute;rio, apenas pelas comiss&otilde;es designadas para analis&aacute;-lo. O projeto perder&aacute; esse car&aacute;ter em duas situa&ccedil;&otilde;es: &#8211; se houver parecer divergente entre as comiss&otilde;es (rejei&ccedil;&atilde;o por uma, aprova&ccedil;&atilde;o por outra); &#8211; se, depois de aprovado pelas comiss&otilde;es, houver recurso contra esse rito assinado por 51 deputados (10% do total). Nos dois casos, o projeto precisar&aacute; ser votado pelo Plen&aacute;rio., ser&aacute; analisado pelas comiss&otilde;es de Ci&ecirc;ncia e Tecnologia, Comunica&ccedil;&atilde;o e Inform&aacute;tica; e de Constitui&ccedil;&atilde;o e Justi&ccedil;a e de Cidadania.<\/p>\n","protected":false},"excerpt":{"rendered":"<p>A C&acirc;mara analisa o Projeto de Lei 6761\/10, do Senado, que restringe a concess&atilde;o de r&aacute;dio comunit&aacute;ria a entidades que tenham sido institu&iacute;das h&aacute; pelo menos dois anos. Segundo o autor do projeto, senador Flexa Ribeiro (PSDB-PA), sua proposta busca impedir a cria&ccedil;&atilde;o de associa&ccedil;&otilde;es e funda&ccedil;&otilde;es com a finalidade exclusiva de explorar servi&ccedil;o de &hellip; <a href=\"https:\/\/obscom.intervozes.org.br\/?p=24030\" class=\"more-link\">Continue lendo <span class=\"screen-reader-text\">Regras para concess\u00e3o de r\u00e1dios comunit\u00e1rias poder\u00e3o mudar<\/span> <span class=\"meta-nav\">&rarr;<\/span><\/a><\/p>\n","protected":false},"author":1,"featured_media":0,"comment_status":"open","ping_status":"open","sticky":false,"template":"","format":"standard","meta":{"footnotes":""},"categories":[40],"tags":[1238],"_links":{"self":[{"href":"https:\/\/obscom.intervozes.org.br\/index.php?rest_route=\/wp\/v2\/posts\/24030"}],"collection":[{"href":"https:\/\/obscom.intervozes.org.br\/index.php?rest_route=\/wp\/v2\/posts"}],"about":[{"href":"https:\/\/obscom.intervozes.org.br\/index.php?rest_route=\/wp\/v2\/types\/post"}],"author":[{"embeddable":true,"href":"https:\/\/obscom.intervozes.org.br\/index.php?rest_route=\/wp\/v2\/users\/1"}],"replies":[{"embeddable":true,"href":"https:\/\/obscom.intervozes.org.br\/index.php?rest_route=%2Fwp%2Fv2%2Fcomments&post=24030"}],"version-history":[{"count":0,"href":"https:\/\/obscom.intervozes.org.br\/index.php?rest_route=\/wp\/v2\/posts\/24030\/revisions"}],"wp:attachment":[{"href":"https:\/\/obscom.intervozes.org.br\/index.php?rest_route=%2Fwp%2Fv2%2Fmedia&parent=24030"}],"wp:term":[{"taxonomy":"category","embeddable":true,"href":"https:\/\/obscom.intervozes.org.br\/index.php?rest_route=%2Fwp%2Fv2%2Fcategories&post=24030"},{"taxonomy":"post_tag","embeddable":true,"href":"https:\/\/obscom.intervozes.org.br\/index.php?rest_route=%2Fwp%2Fv2%2Ftags&post=24030"}],"curies":[{"name":"wp","href":"https:\/\/api.w.org\/{rel}","templated":true}]}}