{"id":24021,"date":"2010-03-03T17:51:53","date_gmt":"2010-03-03T17:51:53","guid":{"rendered":"https:\/\/obscom.intervozes.org.br\/wordpress\/?p=24021"},"modified":"2010-03-03T17:51:53","modified_gmt":"2010-03-03T17:51:53","slug":"eunicio-oliveira-vai-presidir-a-comissao-de-ciencia-e-tecnologia-da-camara","status":"publish","type":"post","link":"https:\/\/obscom.intervozes.org.br\/?p=24021","title":{"rendered":"Eun\u00edcio Oliveira vai presidir a Comiss\u00e3o de Ci\u00eancia e Tecnologia da C\u00e2mara"},"content":{"rendered":"<p> \t<!-- \t\t@page { margin: 2cm } \t\tP { margin-bottom: 0.21cm } \t--> \t <\/p>\n<p style=\"margin-bottom: 0cm\" class=\"padrao\"><strong>Reproduzido da Ag&ecirc;ncia C&acirc;mara <\/strong><\/p>\n<p style=\"margin-bottom: 0cm\" class=\"padrao\">&nbsp;<\/p>\n<p style=\"margin-bottom: 0cm\" class=\"padrao\">O deputado Eun&iacute;cio Oliveira (PMDB-CE) foi eleito presidente da Comiss&atilde;o de Ci&ecirc;ncia e Tecnologia, Comunica&ccedil;&atilde;o e Inform&aacute;tica, em substitui&ccedil;&atilde;o ao deputado Eduardo Gomes (PSDB-TO). O deputado J&uacute;lio Semeghini (PSDB-SP) foi eleito 1&ordm; vice-presidente, a deputada Solange Amaral (DEM-RJ) foi eleita 2&ordf; vice, e o deputado Bilac Pinto (PR-MG) foi eleito 3&ordm; vice.<\/p>\n<p>Eun&iacute;cio disse que este ano vai ser marcado pela apresenta&ccedil;&atilde;o do Plano Nacional de Banda Larga, e a comiss&atilde;o dever&aacute; debater as medidas relativas ao plano mesmo antes que qualquer projeto seja enviado ao Congresso. &ldquo;Este vai ser at&iacute;pico, por causa das elei&ccedil;&otilde;es, mas vamos fazer debates importantes sobre o modelo de comunica&ccedil;&atilde;o, e trabalharemos harmoniosamente. N&atilde;o pretendo presidir a comiss&atilde;o impondo a vota&ccedil;&atilde;o de qualquer projeto&rdquo;, afirmou.<\/p>\n<p>Ele ressaltou que, no ano passado, a comiss&atilde;o aprovou o PL 29\/07, sobre a converg&ecirc;ncia de m&iacute;dias, que demandou muitas discuss&otilde;es, e agora pode seguir em frente, com o debate de outras propostas.<\/p>\n<p>Aos 57 anos, o agropecuarista Eun&iacute;cio Lopes de Oliveira est&aacute; em seu terceiro mandato como deputado federal, sempre pelo PMDB, partido ao qual &eacute; filiado desde 1972, quando a sigla anda se chamava MDB. Fora da C&acirc;mara, Eun&iacute;cio participou do governo Lula &ndash; foi ministro das Comunica&ccedil;&otilde;es entre janeiro de 2004 e julho de 2005. <em>(Reda&ccedil;&atilde;o)<\/em><\/p>\n","protected":false},"excerpt":{"rendered":"<p>Reproduzido da Ag&ecirc;ncia C&acirc;mara &nbsp; O deputado Eun&iacute;cio Oliveira (PMDB-CE) foi eleito presidente da Comiss&atilde;o de Ci&ecirc;ncia e Tecnologia, Comunica&ccedil;&atilde;o e Inform&aacute;tica, em substitui&ccedil;&atilde;o ao deputado Eduardo Gomes (PSDB-TO). O deputado J&uacute;lio Semeghini (PSDB-SP) foi eleito 1&ordm; vice-presidente, a deputada Solange Amaral (DEM-RJ) foi eleita 2&ordf; vice, e o deputado Bilac Pinto (PR-MG) foi eleito &hellip; <a href=\"https:\/\/obscom.intervozes.org.br\/?p=24021\" class=\"more-link\">Continue lendo <span class=\"screen-reader-text\">Eun\u00edcio Oliveira vai presidir a Comiss\u00e3o de Ci\u00eancia e Tecnologia da C\u00e2mara<\/span> <span class=\"meta-nav\">&rarr;<\/span><\/a><\/p>\n","protected":false},"author":1,"featured_media":0,"comment_status":"open","ping_status":"open","sticky":false,"template":"","format":"standard","meta":{"footnotes":""},"categories":[39],"tags":[],"_links":{"self":[{"href":"https:\/\/obscom.intervozes.org.br\/index.php?rest_route=\/wp\/v2\/posts\/24021"}],"collection":[{"href":"https:\/\/obscom.intervozes.org.br\/index.php?rest_route=\/wp\/v2\/posts"}],"about":[{"href":"https:\/\/obscom.intervozes.org.br\/index.php?rest_route=\/wp\/v2\/types\/post"}],"author":[{"embeddable":true,"href":"https:\/\/obscom.intervozes.org.br\/index.php?rest_route=\/wp\/v2\/users\/1"}],"replies":[{"embeddable":true,"href":"https:\/\/obscom.intervozes.org.br\/index.php?rest_route=%2Fwp%2Fv2%2Fcomments&post=24021"}],"version-history":[{"count":0,"href":"https:\/\/obscom.intervozes.org.br\/index.php?rest_route=\/wp\/v2\/posts\/24021\/revisions"}],"wp:attachment":[{"href":"https:\/\/obscom.intervozes.org.br\/index.php?rest_route=%2Fwp%2Fv2%2Fmedia&parent=24021"}],"wp:term":[{"taxonomy":"category","embeddable":true,"href":"https:\/\/obscom.intervozes.org.br\/index.php?rest_route=%2Fwp%2Fv2%2Fcategories&post=24021"},{"taxonomy":"post_tag","embeddable":true,"href":"https:\/\/obscom.intervozes.org.br\/index.php?rest_route=%2Fwp%2Fv2%2Ftags&post=24021"}],"curies":[{"name":"wp","href":"https:\/\/api.w.org\/{rel}","templated":true}]}}